{"id":1229,"date":"2026-03-03T13:48:44","date_gmt":"2026-03-03T12:48:44","guid":{"rendered":"https:\/\/hallasvilagnapja.hu\/hvn\/?p=1229"},"modified":"2026-03-05T18:37:13","modified_gmt":"2026-03-05T17:37:13","slug":"aradi-eva","status":"publish","type":"post","link":"https:\/\/hallasvilagnapja.hu\/hvn\/aradi-eva\/","title":{"rendered":"Aradi E\u0301va"},"content":{"rendered":"\t\t<div data-elementor-type=\"wp-post\" data-elementor-id=\"1229\" class=\"elementor elementor-1229\" data-elementor-post-type=\"post\">\n\t\t\t\t<div class=\"elementor-element elementor-element-1f614f5f e-flex e-con-boxed e-con e-parent\" data-id=\"1f614f5f\" data-element_type=\"container\" data-e-type=\"container\">\n\t\t\t\t\t<div class=\"e-con-inner\">\n\t\t<div class=\"elementor-element elementor-element-38bb3344 e-con-full e-flex e-con e-child\" data-id=\"38bb3344\" data-element_type=\"container\" data-e-type=\"container\">\n\t\t\t\t<div class=\"elementor-element elementor-element-6be984c4 elementor-widget elementor-widget-image\" data-id=\"6be984c4\" data-element_type=\"widget\" data-e-type=\"widget\" data-widget_type=\"image.default\">\n\t\t\t\t<div class=\"elementor-widget-container\">\n\t\t\t\t\t\t\t\t\t\t\t\t\t\t\t<img decoding=\"async\" width=\"100\" height=\"100\" src=\"https:\/\/hallasvilagnapja.hu\/hvn\/wp-content\/uploads\/2025\/01\/Hallas-vilagnapja-logo-e1738154213707.png\" class=\"attachment-large size-large wp-image-71\" alt=\"\" \/>\t\t\t\t\t\t\t\t\t\t\t\t\t\t\t<\/div>\n\t\t\t\t<\/div>\n\t\t\t\t<\/div>\n\t\t<div class=\"elementor-element elementor-element-70b149d9 e-con-full e-flex e-con e-child\" data-id=\"70b149d9\" data-element_type=\"container\" data-e-type=\"container\">\n\t\t\t\t<div class=\"elementor-element elementor-element-6ef2278b elementor-countdown--label-block elementor-widget elementor-widget-countdown\" data-id=\"6ef2278b\" data-element_type=\"widget\" data-e-type=\"widget\" data-widget_type=\"countdown.default\">\n\t\t\t\t<div class=\"elementor-widget-container\">\n\t\t\t\t\t\t\t<div data-expire-actions=\"[{&quot;type&quot;:&quot;hide&quot;}]\" class=\"elementor-countdown-wrapper\" data-date=\"1772874000\">\n\t\t\t<div class=\"elementor-countdown-item\"><span class=\"elementor-countdown-digits elementor-countdown-days\"><\/span> <span class=\"elementor-countdown-label\">nap<\/span><\/div><div class=\"elementor-countdown-item\"><span class=\"elementor-countdown-digits elementor-countdown-hours\"><\/span> <span class=\"elementor-countdown-label\">\u00f3ra<\/span><\/div><div class=\"elementor-countdown-item\"><span class=\"elementor-countdown-digits elementor-countdown-minutes\"><\/span> <span class=\"elementor-countdown-label\">perc<\/span><\/div><div class=\"elementor-countdown-item\"><span class=\"elementor-countdown-digits elementor-countdown-seconds\"><\/span> <span class=\"elementor-countdown-label\">m\u00e1sodperc<\/span><\/div>\t\t<\/div>\n\t\t\t\t\t\t<\/div>\n\t\t\t\t<\/div>\n\t\t\t\t<\/div>\n\t\t\t\t\t<\/div>\n\t\t\t\t<\/div>\n\t\t\t\t<section class=\"elementor-section elementor-top-section elementor-element elementor-element-52651a5f elementor-section-boxed elementor-section-height-default elementor-section-height-default\" data-id=\"52651a5f\" data-element_type=\"section\" data-e-type=\"section\" data-settings=\"{&quot;background_background&quot;:&quot;classic&quot;}\">\n\t\t\t\t\t\t<div class=\"elementor-container elementor-column-gap-default\">\n\t\t\t\t\t<div class=\"elementor-column elementor-col-50 elementor-top-column elementor-element elementor-element-30363ced\" data-id=\"30363ced\" data-element_type=\"column\" data-e-type=\"column\">\n\t\t\t<div class=\"elementor-widget-wrap elementor-element-populated\">\n\t\t\t\t\t\t<div class=\"elementor-element elementor-element-1ecf98b5 elementor-nav-menu__align-start elementor-widget__width-initial elementor-nav-menu--dropdown-tablet elementor-nav-menu__text-align-aside elementor-nav-menu--toggle elementor-nav-menu--burger elementor-widget elementor-widget-nav-menu\" data-id=\"1ecf98b5\" data-element_type=\"widget\" data-e-type=\"widget\" data-settings=\"{&quot;submenu_icon&quot;:{&quot;value&quot;:&quot;&lt;svg aria-hidden=\\&quot;true\\&quot; class=\\&quot;fa-svg-chevron-down e-font-icon-svg e-fas-chevron-down\\&quot; viewBox=\\&quot;0 0 448 512\\&quot; xmlns=\\&quot;http:\\\/\\\/www.w3.org\\\/2000\\\/svg\\&quot;&gt;&lt;path d=\\&quot;M207.029 381.476L12.686 187.132c-9.373-9.373-9.373-24.569 0-33.941l22.667-22.667c9.357-9.357 24.522-9.375 33.901-.04L224 284.505l154.745-154.021c9.379-9.335 24.544-9.317 33.901.04l22.667 22.667c9.373 9.373 9.373 24.569 0 33.941L240.971 381.476c-9.373 9.372-24.569 9.372-33.942 0z\\&quot;&gt;&lt;\\\/path&gt;&lt;\\\/svg&gt;&quot;,&quot;library&quot;:&quot;fa-solid&quot;},&quot;layout&quot;:&quot;horizontal&quot;,&quot;toggle&quot;:&quot;burger&quot;}\" data-widget_type=\"nav-menu.default\">\n\t\t\t\t<div class=\"elementor-widget-container\">\n\t\t\t\t\t\t\t\t<nav aria-label=\"Men\u00fc\" class=\"elementor-nav-menu--main elementor-nav-menu__container elementor-nav-menu--layout-horizontal e--pointer-overline e--animation-fade\">\n\t\t\t\t<ul id=\"menu-1-1ecf98b5\" class=\"elementor-nav-menu\"><li class=\"menu-item menu-item-type-custom menu-item-object-custom menu-item-home menu-item-554\"><a href=\"https:\/\/hallasvilagnapja.hu\/hvn\" class=\"elementor-item\">Hall\u00e1s Vil\u00e1gnapja<\/a><\/li>\n<li class=\"menu-item menu-item-type-post_type menu-item-object-page menu-item-1145\"><a href=\"https:\/\/hallasvilagnapja.hu\/hvn\/hearx-terem-2026\/\" class=\"elementor-item\">HEARx konferencia<\/a><\/li>\n<li class=\"menu-item menu-item-type-post_type menu-item-object-page menu-item-1149\"><a href=\"https:\/\/hallasvilagnapja.hu\/hvn\/hallasrehabilitacio-2026\/\" class=\"elementor-item\">Hall\u00e1srehabilit\u00e1ci\u00f3 2026<\/a><\/li>\n<li class=\"menu-item menu-item-type-post_type menu-item-object-page menu-item-1486\"><a href=\"https:\/\/hallasvilagnapja.hu\/hvn\/hallasserult-nagykovetek-2026\/\" class=\"elementor-item\">Hall\u00e1ss\u00e9r\u00fclt Nagyk\u00f6vet<\/a><\/li>\n<\/ul>\t\t\t<\/nav>\n\t\t\t\t\t<div class=\"elementor-menu-toggle\" role=\"button\" tabindex=\"0\" aria-label=\"Men\u00fc kapcsol\u00f3\" aria-expanded=\"false\">\n\t\t\t<svg aria-hidden=\"true\" role=\"presentation\" class=\"elementor-menu-toggle__icon--open e-font-icon-svg e-eicon-menu-bar\" viewBox=\"0 0 1000 1000\" xmlns=\"http:\/\/www.w3.org\/2000\/svg\"><path d=\"M104 333H896C929 333 958 304 958 271S929 208 896 208H104C71 208 42 237 42 271S71 333 104 333ZM104 583H896C929 583 958 554 958 521S929 458 896 458H104C71 458 42 487 42 521S71 583 104 583ZM104 833H896C929 833 958 804 958 771S929 708 896 708H104C71 708 42 737 42 771S71 833 104 833Z\"><\/path><\/svg><svg aria-hidden=\"true\" role=\"presentation\" class=\"elementor-menu-toggle__icon--close e-font-icon-svg e-eicon-close\" viewBox=\"0 0 1000 1000\" xmlns=\"http:\/\/www.w3.org\/2000\/svg\"><path d=\"M742 167L500 408 258 167C246 154 233 150 217 150 196 150 179 158 167 167 154 179 150 196 150 212 150 229 154 242 171 254L408 500 167 742C138 771 138 800 167 829 196 858 225 858 254 829L496 587 738 829C750 842 767 846 783 846 800 846 817 842 829 829 842 817 846 804 846 783 846 767 842 750 829 737L588 500 833 258C863 229 863 200 833 171 804 137 775 137 742 167Z\"><\/path><\/svg>\t\t<\/div>\n\t\t\t\t\t<nav class=\"elementor-nav-menu--dropdown elementor-nav-menu__container\" aria-hidden=\"true\">\n\t\t\t\t<ul id=\"menu-2-1ecf98b5\" class=\"elementor-nav-menu\"><li class=\"menu-item menu-item-type-custom menu-item-object-custom menu-item-home menu-item-554\"><a href=\"https:\/\/hallasvilagnapja.hu\/hvn\" class=\"elementor-item\" tabindex=\"-1\">Hall\u00e1s Vil\u00e1gnapja<\/a><\/li>\n<li class=\"menu-item menu-item-type-post_type menu-item-object-page menu-item-1145\"><a href=\"https:\/\/hallasvilagnapja.hu\/hvn\/hearx-terem-2026\/\" class=\"elementor-item\" tabindex=\"-1\">HEARx konferencia<\/a><\/li>\n<li class=\"menu-item menu-item-type-post_type menu-item-object-page menu-item-1149\"><a href=\"https:\/\/hallasvilagnapja.hu\/hvn\/hallasrehabilitacio-2026\/\" class=\"elementor-item\" tabindex=\"-1\">Hall\u00e1srehabilit\u00e1ci\u00f3 2026<\/a><\/li>\n<li class=\"menu-item menu-item-type-post_type menu-item-object-page menu-item-1486\"><a href=\"https:\/\/hallasvilagnapja.hu\/hvn\/hallasserult-nagykovetek-2026\/\" class=\"elementor-item\" tabindex=\"-1\">Hall\u00e1ss\u00e9r\u00fclt Nagyk\u00f6vet<\/a><\/li>\n<\/ul>\t\t\t<\/nav>\n\t\t\t\t\t\t<\/div>\n\t\t\t\t<\/div>\n\t\t\t\t\t<\/div>\n\t\t<\/div>\n\t\t\t\t<div class=\"elementor-column elementor-col-50 elementor-top-column elementor-element elementor-element-3a25bc31\" data-id=\"3a25bc31\" data-element_type=\"column\" data-e-type=\"column\">\n\t\t\t<div class=\"elementor-widget-wrap elementor-element-populated\">\n\t\t\t\t\t\t<section class=\"elementor-section elementor-inner-section elementor-element elementor-element-2664d834 elementor-hidden-mobile elementor-section-boxed elementor-section-height-default elementor-section-height-default\" data-id=\"2664d834\" data-element_type=\"section\" data-e-type=\"section\">\n\t\t\t\t\t\t<div class=\"elementor-container elementor-column-gap-no\">\n\t\t\t\t\t<div class=\"elementor-column elementor-col-100 elementor-inner-column elementor-element elementor-element-24be34af\" data-id=\"24be34af\" data-element_type=\"column\" data-e-type=\"column\">\n\t\t\t<div class=\"elementor-widget-wrap elementor-element-populated\">\n\t\t\t\t\t\t<div class=\"elementor-element elementor-element-55edb331 animated-fast elementor-align-right elementor-mobile-align-center elementor-button-warning elementor-widget__width-initial elementor-widget-tablet__width-initial elementor-invisible elementor-widget elementor-widget-button\" data-id=\"55edb331\" data-element_type=\"widget\" data-e-type=\"widget\" data-settings=\"{&quot;_animation&quot;:&quot;fadeIn&quot;}\" data-widget_type=\"button.default\">\n\t\t\t\t<div class=\"elementor-widget-container\">\n\t\t\t\t\t\t\t\t\t<div class=\"elementor-button-wrapper\">\n\t\t\t\t\t<a class=\"elementor-button elementor-button-link elementor-size-sm\" href=\"https:\/\/ottleszek.sinosz.hu\/esemeny\/hallas-vilagnapja-2025\" target=\"_blank\" rel=\"nofollow\">\n\t\t\t\t\t\t<span class=\"elementor-button-content-wrapper\">\n\t\t\t\t\t\t\t\t\t<span class=\"elementor-button-text\">Ott leszek \u00e9n is!<\/span>\n\t\t\t\t\t<\/span>\n\t\t\t\t\t<\/a>\n\t\t\t\t<\/div>\n\t\t\t\t\t\t\t\t<\/div>\n\t\t\t\t<\/div>\n\t\t\t\t\t<\/div>\n\t\t<\/div>\n\t\t\t\t\t<\/div>\n\t\t<\/section>\n\t\t\t\t\t<\/div>\n\t\t<\/div>\n\t\t\t\t\t<\/div>\n\t\t<\/section>\n\t\t\t\t<section class=\"elementor-section elementor-top-section elementor-element elementor-element-6cb601b9 elementor-section-full_width elementor-section-height-min-height elementor-section-items-stretch elementor-section-height-default\" data-id=\"6cb601b9\" data-element_type=\"section\" data-e-type=\"section\" data-settings=\"{&quot;background_background&quot;:&quot;classic&quot;}\">\n\t\t\t\t\t\t<div class=\"elementor-container elementor-column-gap-default\">\n\t\t\t\t\t<div class=\"elementor-column elementor-col-100 elementor-top-column elementor-element elementor-element-d1dcee0\" data-id=\"d1dcee0\" data-element_type=\"column\" data-e-type=\"column\">\n\t\t\t<div class=\"elementor-widget-wrap\">\n\t\t\t\t\t\t\t<\/div>\n\t\t<\/div>\n\t\t\t\t\t<\/div>\n\t\t<\/section>\n\t\t\t\t<section class=\"elementor-section elementor-top-section elementor-element elementor-element-7341d02e elementor-section-stretched elementor-section-content-middle elementor-section-boxed elementor-section-height-default elementor-section-height-default\" data-id=\"7341d02e\" data-element_type=\"section\" data-e-type=\"section\" data-settings=\"{&quot;stretch_section&quot;:&quot;section-stretched&quot;,&quot;background_background&quot;:&quot;classic&quot;}\">\n\t\t\t\t\t\t<div class=\"elementor-container elementor-column-gap-no\">\n\t\t\t\t\t<div class=\"elementor-column elementor-col-100 elementor-top-column elementor-element elementor-element-3e987959\" data-id=\"3e987959\" data-element_type=\"column\" data-e-type=\"column\">\n\t\t\t<div class=\"elementor-widget-wrap elementor-element-populated\">\n\t\t\t\t\t\t<section class=\"elementor-section elementor-inner-section elementor-element elementor-element-2160ea85 elementor-section-content-middle elementor-section-boxed elementor-section-height-default elementor-section-height-default\" data-id=\"2160ea85\" data-element_type=\"section\" data-e-type=\"section\">\n\t\t\t\t\t\t<div class=\"elementor-container elementor-column-gap-default\">\n\t\t\t\t\t<div class=\"elementor-column elementor-col-100 elementor-inner-column elementor-element elementor-element-61570b7f\" data-id=\"61570b7f\" data-element_type=\"column\" data-e-type=\"column\">\n\t\t\t<div class=\"elementor-widget-wrap elementor-element-populated\">\n\t\t\t\t\t\t<div class=\"elementor-element elementor-element-2213f2c0 elementor-widget elementor-widget-heading\" data-id=\"2213f2c0\" data-element_type=\"widget\" data-e-type=\"widget\" data-widget_type=\"heading.default\">\n\t\t\t\t<div class=\"elementor-widget-container\">\n\t\t\t\t\t<h2 class=\"elementor-heading-title elementor-size-default\">Aradi E\u0301va<\/h2>\t\t\t\t<\/div>\n\t\t\t\t<\/div>\n\t\t\t\t\t<\/div>\n\t\t<\/div>\n\t\t\t\t\t<\/div>\n\t\t<\/section>\n\t\t\t\t\t<\/div>\n\t\t<\/div>\n\t\t\t\t\t<\/div>\n\t\t<\/section>\n\t\t\t\t<div class=\"elementor-section elementor-top-section elementor-element elementor-element-651d30f8 elementor-section-stretched elementor-section-content-middle elementor-section-boxed elementor-section-height-default elementor-section-height-default\" data-id=\"651d30f8\" data-element_type=\"section\" data-e-type=\"section\" data-settings=\"{&quot;stretch_section&quot;:&quot;section-stretched&quot;}\">\n\t\t\t\t\t\t<div class=\"elementor-container elementor-column-gap-default\">\n\t\t\t\t\t<div class=\"elementor-column elementor-col-100 elementor-top-column elementor-element elementor-element-6b2f24fd\" data-id=\"6b2f24fd\" data-element_type=\"column\" data-e-type=\"column\">\n\t\t\t<div class=\"elementor-widget-wrap elementor-element-populated\">\n\t\t\t\t\t\t<div class=\"elementor-element elementor-element-12b92b88 elementor-invisible elementor-widget elementor-widget-heading\" data-id=\"12b92b88\" data-element_type=\"widget\" data-e-type=\"widget\" data-settings=\"{&quot;_animation&quot;:&quot;fadeInUp&quot;}\" data-widget_type=\"heading.default\">\n\t\t\t\t<div class=\"elementor-widget-container\">\n\t\t\t\t\t<h2 class=\"elementor-heading-title elementor-size-default\">Egy \u00faj \u00e9let\u2026<\/h2>\t\t\t\t<\/div>\n\t\t\t\t<\/div>\n\t\t\t\t<div class=\"elementor-element elementor-element-5efb0e3 elementor-shape-square e-grid-align-left elementor-grid-0 elementor-invisible elementor-widget elementor-widget-social-icons\" data-id=\"5efb0e3\" data-element_type=\"widget\" data-e-type=\"widget\" data-settings=\"{&quot;_animation&quot;:&quot;fadeInUp&quot;,&quot;_animation_delay&quot;:200}\" data-widget_type=\"social-icons.default\">\n\t\t\t\t<div class=\"elementor-widget-container\">\n\t\t\t\t\t\t\t<div class=\"elementor-social-icons-wrapper elementor-grid\" role=\"list\">\n\t\t\t\t\t\t\t<span class=\"elementor-grid-item\" role=\"listitem\">\n\t\t\t\t\t<a class=\"elementor-icon elementor-social-icon elementor-social-icon-facebook-f elementor-repeater-item-c47b00f\" target=\"_blank\">\n\t\t\t\t\t\t<span class=\"elementor-screen-only\">Facebook-f<\/span>\n\t\t\t\t\t\t<svg aria-hidden=\"true\" class=\"e-font-icon-svg e-fab-facebook-f\" viewBox=\"0 0 320 512\" xmlns=\"http:\/\/www.w3.org\/2000\/svg\"><path d=\"M279.14 288l14.22-92.66h-88.91v-60.13c0-25.35 12.42-50.06 52.24-50.06h40.42V6.26S260.43 0 225.36 0c-73.22 0-121.08 44.38-121.08 124.72v70.62H22.89V288h81.39v224h100.17V288z\"><\/path><\/svg>\t\t\t\t\t<\/a>\n\t\t\t\t<\/span>\n\t\t\t\t\t\t\t<span class=\"elementor-grid-item\" role=\"listitem\">\n\t\t\t\t\t<a class=\"elementor-icon elementor-social-icon elementor-social-icon-twitter elementor-repeater-item-871ea85\" target=\"_blank\">\n\t\t\t\t\t\t<span class=\"elementor-screen-only\">Twitter<\/span>\n\t\t\t\t\t\t<svg aria-hidden=\"true\" class=\"e-font-icon-svg e-fab-twitter\" viewBox=\"0 0 512 512\" xmlns=\"http:\/\/www.w3.org\/2000\/svg\"><path d=\"M459.37 151.716c.325 4.548.325 9.097.325 13.645 0 138.72-105.583 298.558-298.558 298.558-59.452 0-114.68-17.219-161.137-47.106 8.447.974 16.568 1.299 25.34 1.299 49.055 0 94.213-16.568 130.274-44.832-46.132-.975-84.792-31.188-98.112-72.772 6.498.974 12.995 1.624 19.818 1.624 9.421 0 18.843-1.3 27.614-3.573-48.081-9.747-84.143-51.98-84.143-102.985v-1.299c13.969 7.797 30.214 12.67 47.431 13.319-28.264-18.843-46.781-51.005-46.781-87.391 0-19.492 5.197-37.36 14.294-52.954 51.655 63.675 129.3 105.258 216.365 109.807-1.624-7.797-2.599-15.918-2.599-24.04 0-57.828 46.782-104.934 104.934-104.934 30.213 0 57.502 12.67 76.67 33.137 23.715-4.548 46.456-13.32 66.599-25.34-7.798 24.366-24.366 44.833-46.132 57.827 21.117-2.273 41.584-8.122 60.426-16.243-14.292 20.791-32.161 39.308-52.628 54.253z\"><\/path><\/svg>\t\t\t\t\t<\/a>\n\t\t\t\t<\/span>\n\t\t\t\t\t\t\t<span class=\"elementor-grid-item\" role=\"listitem\">\n\t\t\t\t\t<a class=\"elementor-icon elementor-social-icon elementor-social-icon-google-plus-g elementor-repeater-item-3d91771\" target=\"_blank\">\n\t\t\t\t\t\t<span class=\"elementor-screen-only\">Google-plus-g<\/span>\n\t\t\t\t\t\t<svg aria-hidden=\"true\" class=\"e-font-icon-svg e-fab-google-plus-g\" viewBox=\"0 0 640 512\" xmlns=\"http:\/\/www.w3.org\/2000\/svg\"><path d=\"M386.061 228.496c1.834 9.692 3.143 19.384 3.143 31.956C389.204 370.205 315.599 448 204.8 448c-106.084 0-192-85.915-192-192s85.916-192 192-192c51.864 0 95.083 18.859 128.611 50.292l-52.126 50.03c-14.145-13.621-39.028-29.599-76.485-29.599-65.484 0-118.92 54.221-118.92 121.277 0 67.056 53.436 121.277 118.92 121.277 75.961 0 104.513-54.745 108.965-82.773H204.8v-66.009h181.261zm185.406 6.437V179.2h-56.001v55.733h-55.733v56.001h55.733v55.733h56.001v-55.733H627.2v-56.001h-55.733z\"><\/path><\/svg>\t\t\t\t\t<\/a>\n\t\t\t\t<\/span>\n\t\t\t\t\t\t\t<span class=\"elementor-grid-item\" role=\"listitem\">\n\t\t\t\t\t<a class=\"elementor-icon elementor-social-icon elementor-social-icon-github elementor-repeater-item-bb617e3\" target=\"_blank\">\n\t\t\t\t\t\t<span class=\"elementor-screen-only\">Github<\/span>\n\t\t\t\t\t\t<svg aria-hidden=\"true\" class=\"e-font-icon-svg e-fab-github\" viewBox=\"0 0 496 512\" xmlns=\"http:\/\/www.w3.org\/2000\/svg\"><path d=\"M165.9 397.4c0 2-2.3 3.6-5.2 3.6-3.3.3-5.6-1.3-5.6-3.6 0-2 2.3-3.6 5.2-3.6 3-.3 5.6 1.3 5.6 3.6zm-31.1-4.5c-.7 2 1.3 4.3 4.3 4.9 2.6 1 5.6 0 6.2-2s-1.3-4.3-4.3-5.2c-2.6-.7-5.5.3-6.2 2.3zm44.2-1.7c-2.9.7-4.9 2.6-4.6 4.9.3 2 2.9 3.3 5.9 2.6 2.9-.7 4.9-2.6 4.6-4.6-.3-1.9-3-3.2-5.9-2.9zM244.8 8C106.1 8 0 113.3 0 252c0 110.9 69.8 205.8 169.5 239.2 12.8 2.3 17.3-5.6 17.3-12.1 0-6.2-.3-40.4-.3-61.4 0 0-70 15-84.7-29.8 0 0-11.4-29.1-27.8-36.6 0 0-22.9-15.7 1.6-15.4 0 0 24.9 2 38.6 25.8 21.9 38.6 58.6 27.5 72.9 20.9 2.3-16 8.8-27.1 16-33.7-55.9-6.2-112.3-14.3-112.3-110.5 0-27.5 7.6-41.3 23.6-58.9-2.6-6.5-11.1-33.3 2.6-67.9 20.9-6.5 69 27 69 27 20-5.6 41.5-8.5 62.8-8.5s42.8 2.9 62.8 8.5c0 0 48.1-33.6 69-27 13.7 34.7 5.2 61.4 2.6 67.9 16 17.7 25.8 31.5 25.8 58.9 0 96.5-58.9 104.2-114.8 110.5 9.2 7.9 17 22.9 17 46.4 0 33.7-.3 75.4-.3 83.6 0 6.5 4.6 14.4 17.3 12.1C428.2 457.8 496 362.9 496 252 496 113.3 383.5 8 244.8 8zM97.2 352.9c-1.3 1-1 3.3.7 5.2 1.6 1.6 3.9 2.3 5.2 1 1.3-1 1-3.3-.7-5.2-1.6-1.6-3.9-2.3-5.2-1zm-10.8-8.1c-.7 1.3.3 2.9 2.3 3.9 1.6 1 3.6.7 4.3-.7.7-1.3-.3-2.9-2.3-3.9-2-.6-3.6-.3-4.3.7zm32.4 35.6c-1.6 1.3-1 4.3 1.3 6.2 2.3 2.3 5.2 2.6 6.5 1 1.3-1.3.7-4.3-1.3-6.2-2.2-2.3-5.2-2.6-6.5-1zm-11.4-14.7c-1.6 1-1.6 3.6 0 5.9 1.6 2.3 4.3 3.3 5.6 2.3 1.6-1.3 1.6-3.9 0-6.2-1.4-2.3-4-3.3-5.6-2z\"><\/path><\/svg>\t\t\t\t\t<\/a>\n\t\t\t\t<\/span>\n\t\t\t\t\t\t\t<span class=\"elementor-grid-item\" role=\"listitem\">\n\t\t\t\t\t<a class=\"elementor-icon elementor-social-icon elementor-social-icon-linkedin-in elementor-repeater-item-f4e8543\" target=\"_blank\">\n\t\t\t\t\t\t<span class=\"elementor-screen-only\">Linkedin-in<\/span>\n\t\t\t\t\t\t<svg aria-hidden=\"true\" class=\"e-font-icon-svg e-fab-linkedin-in\" viewBox=\"0 0 448 512\" xmlns=\"http:\/\/www.w3.org\/2000\/svg\"><path d=\"M100.28 448H7.4V148.9h92.88zM53.79 108.1C24.09 108.1 0 83.5 0 53.8a53.79 53.79 0 0 1 107.58 0c0 29.7-24.1 54.3-53.79 54.3zM447.9 448h-92.68V302.4c0-34.7-.7-79.2-48.29-79.2-48.29 0-55.69 37.7-55.69 76.7V448h-92.78V148.9h89.08v40.8h1.3c12.4-23.5 42.69-48.3 87.88-48.3 94 0 111.28 61.9 111.28 142.3V448z\"><\/path><\/svg>\t\t\t\t\t<\/a>\n\t\t\t\t<\/span>\n\t\t\t\t\t<\/div>\n\t\t\t\t\t\t<\/div>\n\t\t\t\t<\/div>\n\t\t\t\t<div class=\"elementor-element elementor-element-27500643 elementor-invisible elementor-widget elementor-widget-text-editor\" data-id=\"27500643\" data-element_type=\"widget\" data-e-type=\"widget\" data-settings=\"{&quot;_animation&quot;:&quot;fadeInUp&quot;,&quot;_animation_delay&quot;:300}\" data-widget_type=\"text-editor.default\">\n\t\t\t\t<div class=\"elementor-widget-container\">\n\t\t\t\t\t\t\t\t\t<p><span style=\"font-weight: 400;\">Mit is jelent nekem a hall\u00e1s?\u00a0<\/span><\/p><p><span style=\"font-weight: 400;\">Mindent. Az eg\u00e9sz \u00e9letemet, a munk\u00e1mat.\u00a0<\/span><\/p><p><span style=\"font-weight: 400;\">Volt n\u00e9h\u00e1ny \u00e9v, amikor \u00fagy t\u0171nt, mindezt elvesz\u00edtem.\u00a0<\/span><\/p><p><span style=\"font-weight: 400;\">Elgondolkodtam rajta, milyen \u00e9let az, amit hall\u00e1s n\u00e9lk\u00fcl kell le\u00e9lnem? Nem akartam \u00edgy \u00e9lni\u2026<\/span><\/p><p><span style=\"font-weight: 400;\">Gyerekkoromt\u00f3l arra k\u00e9sz\u00fcltem, hogy tan\u00edt\u00f3 n\u00e9ni legyek, \u00e9s 18 \u00e9vesen teljes\u00fclt az \u00e1lmom, k\u00e9pes\u00edt\u00e9s n\u00e9lk\u00fcl ugyan, de iskol\u00e1ban kezdtem el dolgozni. Esti tagozaton, munka mellett v\u00e9geztem el a tan\u00edt\u00f3k\u00e9pz\u0151t. Majd sz\u00fcletett k\u00e9t fiam, \u00fagy t\u0171nt, teljesen rendben van az \u00e9letem.<\/span><\/p><p><span style=\"font-weight: 400;\">33 \u00e9ves voltam, mikor a kisebbik fiam eg\u00e9szen k\u00f6zelr\u0151l belesik\u00edtott a f\u00fclembe, akkor m\u00e9g nem gondoltam semmi rosszra, v\u00e1rtam, hogy a f\u00fclcseng\u00e9s elm\u00faljon. Mivel hetek m\u00falva is csengett a f\u00fclem, orvoshoz fordultam. Inf\u00fazi\u00f3s kezel\u00e9st \u00edrtak el\u0151, h\u00e1rom h\u00e9ten kereszt\u00fcl napi k\u00e9t alkalommal mentem a k\u00f3rh\u00e1zba a<\/span><\/p><p><span style=\"font-weight: 400;\">2-2 \u00f3r\u00e1s kezel\u00e9sre. Ek\u00f6zben rutin hall\u00e1svizsg\u00e1latot csin\u00e1ltak, nem \u00e9rtettem,\u00a0 mi\u00e9rt kell, hiszen \u00e9n j\u00f3l hallok\u2026csak ez a f\u00fclcseng\u00e9s. A m\u0171szer viszont m\u00e1st mutatott: nagyfok\u00fa hall\u00e1sveszt\u00e9st mindk\u00e9t f\u00fclemen.<\/span><\/p><p><span style=\"font-weight: 400;\">Nem \u00e9rtettem, mi t\u00f6rt\u00e9nt. Vizsg\u00e1latok sokas\u00e1ga k\u00f6vetkezett, semmif\u00e9le szervi bajt nem tal\u00e1ltak, ami indokolta volna &#8230;.s mindek\u00f6zben folyamatosan romlott a hall\u00e1som.<\/span><\/p><p><span style=\"font-weight: 400;\">K\u00f6zben dolgoztam, titkoltam mindenki el\u0151tt, hogy nagyon nehezen \u00e9rtem, amit mondanak nekem. \u00c9vek teltek el, orvost\u00f3l orvosig, k\u00f3rh\u00e1zr\u00f3l k\u00f3rh\u00e1zra j\u00e1rtam. Mivel nem tudt\u00e1k az ok\u00e1t, nem lehetett meg\u00e1ll\u00edtani a folyamatot. \u00dcgyeket int\u00e9zni m\u00e1r nem tudtam egyed\u00fcl, mert az \u00fcveglap m\u00f6g\u00f6tt \u00fcl\u0151k k\u00e9rd\u00e9seit nem \u00e9rtettem meg. Rendszeresen visszak\u00e9rdeztem, mert a szavaknak csak adott r\u00e9sze jutott el hozz\u00e1m. S a hall\u00e1svizsg\u00e1latok g\u00f6rb\u00e9i egyre rosszabb eredm\u00e9nyt mutattak, emiatt hall\u00f3k\u00e9sz\u00fcl\u00e9ket kezdtem viselni.<\/span><\/p><p><span style=\"font-weight: 400;\">Sz\u00e9gyelltem, titkoltam, hogy ne l\u00e1ssa rajtam senki, s nagy gondot jelentett, hogy ha nem megfelel\u0151en helyeztem be, s\u00edpolni kezdett, r\u00e1ad\u00e1sul \u00e9rdemben nem is hallottam jobban.<\/span><\/p><p><span style=\"font-weight: 400;\">Ism\u00e9t rengeteg helyen megfordultam, egyik hall\u00f3k\u00e9sz\u00fcl\u00e9ket a m\u00e1sik ut\u00e1n kaptam, s folyamatosan be\u00e1ll\u00edt\u00e1sokra j\u00e1rtam. Rengeteg audiol\u00f3gi\u00e1n megfordultam, minden\u00fctt azt mondt\u00e1k, nagyon j\u00f3 k\u00e9sz\u00fcl\u00e9kkel rendelkezem, ett\u0151l jobbra nincs lehet\u0151s\u00e9g. \u00c9n viszont nagyon nehezen \u00e9rtettem a besz\u00e9det, azt is csak eg\u00e9szen k\u00f6zelr\u0151l. \u00cdgy teltek az \u00e9vek, k\u00fczdelemben, elkeseredetts\u00e9gben, kil\u00e1t\u00e1stalanul.<\/span><\/p><p><span style=\"font-weight: 400;\">Bej\u00e1rtam az iskol\u00e1ba, dolgoztam ugyan, de \u00e9reztem, ez az \u00e1llapot nem tarthat\u00f3 fenn sok\u00e1ig.<\/span><\/p><p><span style=\"font-weight: 400;\">Budapest teljes hall\u00e1svizsg\u00e1lati h\u00e1l\u00f3zat\u00e1t bej\u00e1rtam, sehol nem tudtak seg\u00edteni.<\/span><\/p><p><span style=\"font-weight: 400;\">Az utols\u00f3 \u00e1llom\u00e1s a Husz\u00e1r utcai Yarus hall\u00e1sszak\u00fczlet volt, ahol egy \u00fagynevezett hall\u00e1smaradv\u00e1ny k\u00e9sz\u00fcl\u00e9ket kaptam. Maga ez a sz\u00f3 is elborzasztott&#8230;hetente j\u00e1rtam be\u00e1ll\u00edttatni a k\u00e9sz\u00fcl\u00e9ket, mert sehogy sem volt j\u00f3.<\/span><\/p><p><span style=\"font-weight: 400;\">Mindek\u00f6zben \u00fagy tan\u00edtottam, hogy a gyerekek padja mell\u00e9 \u00e1lltam, hogy halljam \u00e9s meg\u00e9rtsem a sz\u00e1jukr\u00f3l leolvasva a v\u00e1laszokat.<\/span><\/p><p><span style=\"font-weight: 400;\">K\u00e9ts\u00e9gbeesetten j\u00e1rk\u00e1ltam vissza a szalonba, \u00fajabb be\u00e1ll\u00edt\u00e1sokra.<\/span><\/p><p><span style=\"font-weight: 400;\">Ek\u00f6zben az \u00dcll\u0151i \u00fati klinik\u00e1ra ker\u00fcltem, b\u00edztam, hogy j\u00f3 helyen vagyok, de nem \u00edgy t\u00f6rt\u00e9nt. Soha nem felejtem el azt a doktorn\u0151t, aki flegm\u00e1n feltett k\u00e9rd\u00e9seit nekem h\u00e1ttal \u00fclve int\u00e9zte hozz\u00e1m&#8230;Egy akta voltam az asztal\u00e1n, egy megoldand\u00f3, lez\u00e1rand\u00f3 pap\u00edr. Le is \u00edrta: rajtam nincs seg\u00edts\u00e9g, t\u00f6r\u0151djek bele, hogy v\u00e9gleg el fogom vesz\u00edteni a hall\u00e1somat&#8230;<\/span><\/p><p><span style=\"font-weight: 400;\">Nem tudom, hogy jutottam haza, s\u00edrtam, mint a z\u00e1pores\u0151, s a j\u00f3 Isten velem volt, hogy haza tudtam vezetni baleset n\u00e9lk\u00fcl&#8230;<\/span><\/p><p><span style=\"font-weight: 400;\">Ezt a keser\u0171 tapasztalatomat elmondtam a Husz\u00e1r utc\u00e1ban az audiol\u00f3gus h\u00f6lgynek, akivel mindig nagyon sokat besz\u00e9lgettem. Mint ut\u00f3bb kider\u00fclt: nagyon sajn\u00e1lt \u00e9s kereste sz\u00e1momra a rem\u00e9nytelennek t\u0171n\u0151 helyzetben a megold\u00e1st.<\/span><\/p><p><span style=\"font-weight: 400;\">Egyik besz\u00e9lget\u00e9s\u00fcnk alkalm\u00e1val megeml\u00edtette, hogy olvasott egy cikket a Dun\u00e1nt\u00fali-Napl\u00f3ban, ami egy taxisof\u0151rr\u0151l sz\u00f3lt, aki szint\u00e9n rosszul hallott. Egy alkalommal a p\u00e9csi klinika professzor\u00e1t sz\u00e1ll\u00edtotta \u00e9ppen, akinek felt\u0171nt, hogy nemigen \u00e9rti a sof\u0151r a besz\u00e9det, fel is aj\u00e1nlotta neki a seg\u00edts\u00e9g\u00e9t, ha felkeresi a klinik\u00e1n. Ez egy sikert\u00f6rt\u00e9net lett, a professzor \u00far megm\u0171t\u00f6tte, a taxis remek\u00fcl hallott. Ezt a cikket hozta el nekem az audiol\u00f3gus h\u00f6lgy \u00e9s mivel k\u00f6zel 15 \u00e9vnyi k\u00fczdelem \u00e1llt a h\u00e1tam m\u00f6g\u00f6tt \u00e9s kil\u00e1t\u00e1stalan a jelenlegi helyzetem, pr\u00f3b\u00e1ljam meg, vegyem fel vele a kapcsolatot.<\/span><\/p><p><span style=\"font-weight: 400;\">\u0150szint\u00e9n megmondom, akkor \u00fagy \u00e9reztem, csak meg akar t\u0151lem szabadulni, mert nincs megold\u00e1s&#8230;<\/span><\/p><p><span style=\"font-weight: 400;\">Vesztenival\u00f3m m\u00e1r nem volt, megpr\u00f3b\u00e1ltam. Emailt k\u00fcldtem P\u00e9csre, le\u00edrtam a fenti esetet, arra hivatkoztam. A professzor \u00far k\u00e9rte, hogy \u00edrjam le pontosan a k\u00f3rel\u0151zm\u00e9nyeket&#8230;majd j\u00f6tt a v\u00e1lasz email: az a m\u0171t\u00e9t rajtam nem seg\u00edt. \u00dajabb csal\u00f3d\u00e1s, \u00fajabb zs\u00e1kutca&#8230;.s ott volt a professzor \u00far k\u00f6vetkez\u0151 mondata: tud megold\u00e1st sz\u00e1momra, utazzak le konzult\u00e1ci\u00f3ra P\u00e9csre. Felgyorsultak az esem\u00e9nyek: id\u0151pont hamarosan, s m\u00e1r azon tal\u00e1ltam magam, hogy v\u00e1rakozom Gerlinger professzor \u00far rendel\u0151je el\u0151tt.<\/span><\/p><p><span style=\"font-weight: 400;\">Nem sok sz\u00f3 hangzott el, nem volt k\u00fcl\u00f6n\u00f6sebben bar\u00e1ts\u00e1gos. Elmondta, v\u00e1llalja a m\u0171t\u00e9tet, s tov\u00e1bb k\u00fcld\u00f6tt, hogy annak r\u00e9szleteit majd Kell\u00e9nyi Gy\u00f6rgyt\u0151l tudom meg. Felcsillant a rem\u00e9ny&#8230;tal\u00e1n lesz rajtam seg\u00edts\u00e9g&#8230;<\/span><\/p><p><span style=\"font-weight: 400;\">\u00a0P\u00e1r perc m\u00falva ott zokogtam Kell\u00e9nyi \u00far szob\u00e1j\u00e1ban, aki elmondta, hogy ezzel a m\u0171t\u00e9ttel bels\u0151 egys\u00e9get helyeznek el, s implant\u00e1tum n\u00e9lk\u00fcl nem fogok semmit hallani. \u00d6r\u00f6kk\u00e9 h\u00e1l\u00e1s leszek Kell\u00e9nyi \u00farnak, aki egy \u00f3r\u00e1n kereszt\u00fcl hallgatta a s\u00edr\u00e1somat&#8230;nem s\u00fcrgetett, de ott, akkor d\u00f6nt\u00e9st kellett hoznom. Vagy ez a m\u0171t\u00e9t- vagy \u00f6r\u00f6k csendre leszek \u00edt\u00e9lve. Al\u00e1\u00edrtam.<\/span><\/p><p><span style=\"font-weight: 400;\">A m\u0171t\u00e9tre 2013. november\u00e9re voltam el\u0151jegyezve. Az az utols\u00f3 k\u00e9t h\u00f3nap az iskol\u00e1ban az \u0151szi sz\u00fcnetig k\u00ednkeservesen hossz\u00fa volt, napr\u00f3l napra kevesebbet hallottam.<\/span><\/p><p><span style=\"font-weight: 400;\">V\u00e9g\u00fcl elj\u00f6tt a pillanat, hogy sz\u00f3lnom kellett a munkahelyemen, mi\u00e9rt is fogok hi\u00e1nyozni. Ekkor m\u00e1r tudt\u00e1k term\u00e9szetesen, hogy nagy\u00a0 gond van. Az iskolaigazgat\u00f3, aki mondhatta volna, hogy nincs helyem a gyerekek k\u00f6z\u00f6tt, hogy keressek m\u00e1s munk\u00e1t&#8230; azzal a sz\u00f3val k\u00f6sz\u00f6nt el t\u0151lem az utols\u00f3 munkanapomon: \u201evisszav\u00e1runk\u201d. Ez a sz\u00f3 adott er\u0151t a folytat\u00e1shoz.<\/span><\/p><p><span style=\"font-weight: 400;\">P\u00e9csett h\u00e1rom \u00f3r\u00e1s m\u0171t\u00e9ttel implant\u00e1tumot \u00fcltettek be a jobb oldalra. Hatalmas csal\u00f3d\u00e1s volt, hogy szinte semmit nem hallottam, s\u00edrtam. A professzor \u00far elmondta, hogy el\u0151re ezt nem mondj\u00e1k el, mert akkor sokan meggondoln\u00e1k magukat, \u00edgy v\u00e1ratlanul \u00e9rt, hogy kiiktatt\u00e1k a marad\u00e9k hall\u00e1somat. H\u00e1rom h\u00e9t volt a sebgy\u00f3gyul\u00e1s ideje, azalatt otthon \u00fcltem egyed\u00fcl, emberek k\u00f6z\u00e9 egy\u00e1ltal\u00e1n nem mentem, mivel szinte semmit nem hallottam. V\u00e9gtelen\u00fcl hossz\u00fanak t\u0171nt az a h\u00e1rom h\u00e9t, am\u00edg a bekapcsol\u00e1sra v\u00e1rtam. Hol rem\u00e9nykedtem ,hol elvesztettem a hitemet&#8230;<\/span><\/p><p><span style=\"font-weight: 400;\">V\u00e9g\u00fcl el\u00e9rkezett a nap, amikor vissza kellett utaznom P\u00e9csre. Amikor megl\u00e1ttam az implant\u00e1tum k\u00fcls\u0151 egys\u00e9g\u00e9t, els\u00edrtam magam, hogy fogok ezzel a nagy valamivel egy\u00fctt \u00e9lni&#8230;Kell\u00e9nyi \u00far bekapcsolta.<\/span><\/p><p><span style=\"font-weight: 400;\">Hallottam! G\u00e9pi hang volt ugyan, olyan, mint egy fantasztikus filmben a robotok hangja, de hang volt!<\/span><\/p><p><span style=\"font-weight: 400;\">Pap\u00edrlapot tett a sz\u00e1ja el\u00e9, \u00fagy besz\u00e9lt hozz\u00e1m- \u00e9s meg\u00e9rtettem!<\/span><\/p><p><span style=\"font-weight: 400;\">Szavakba nem tudom \u00f6nteni, amit akkor \u00e9s ott \u00e9reztem. Folyt a k\u00f6nnyem ,mint a z\u00e1pores\u0151, de ezek a megk\u00f6nnyebb\u00fcl\u00e9s \u00e9s az \u00f6r\u00f6m k\u00f6nnyei voltak, annyi csal\u00f3d\u00e1s \u00e9s rem\u00e9nyvesztetts\u00e9g ut\u00e1n.<\/span><\/p><p><span style=\"font-weight: 400;\">Hazafel\u00e9 a vonatr\u00f3l sms-t k\u00fcldtem az iskol\u00e1ba, hogy m\u00e1snap megyek dolgozni. Magam sem \u00e9rtem ,honnan volt bennem ekkora b\u00e1tors\u00e1g, hiszen alig k\u00e9t \u00f3r\u00e1ja kaptam ezt az \u00faj hall\u00e1st(amit nyilv\u00e1n szoknom kellett volna), de m\u00e1r nem volt vissza\u00fat, elk\u00fcldtem az sms-t.<\/span><\/p><p><span style=\"font-weight: 400;\">Dolgozhattam, \u00fajra gyerekek k\u00f6zt lehettem ,tan\u00edthattam, ami nekem egyenl\u0151 az \u00e9lettel.<\/span><\/p><p><span style=\"font-weight: 400;\">A g\u00e9pi hang n\u00e9h\u00e1ny h\u00e9t alatt teljesen term\u00e9szetes emberi besz\u00e9dhangg\u00e1 alakult. Felismertem azoknak a hangj\u00e1t, akik\u00e9t kor\u00e1bban hallottam. A jobb oldalra t\u00f6k\u00e9letes hall\u00e1st kaptam.<\/span><\/p><p><span style=\"font-weight: 400;\">Egy \u00e9vvel k\u00e9s\u0151bb a bal oldalon is elv\u00e9gezt\u00e9k a m\u0171t\u00e9tet. Az az oldal nem ad olyan t\u00f6k\u00e9letes hall\u00e1st, nem \u00e9rtek vele annyira j\u00f3l, mint az els\u0151nek be\u00fcltetett implant\u00e1tummal. Emiatt a\u00a0 mindennapokban \u00e9s otthon a jobb oldalit haszn\u00e1lom az\u00f3ta is. Az iskol\u00e1ban viszont mindkett\u0151re sz\u00fcks\u00e9gem van a t\u00f6k\u00e9letes hall\u00e1s \u00e9rdek\u00e9ben.<\/span><\/p><p><span style=\"font-weight: 400;\">Ez az implant\u00e1tum maga a csoda: a terem m\u00e1sik v\u00e9g\u00e9b\u0151l is t\u00f6k\u00e9letesen meg\u00e9rtem a besz\u00e9det, a folyos\u00f3n ut\u00e1nam kiab\u00e1lnak s \u00e9n visszav\u00e1laszolok, zajos k\u00f6rnyezetben (mint pl. a sz\u00fcnet) is meg\u00e9rtem, amit mondanak nekem. M\u00e1r nem kell sz\u00e1jr\u00f3l olvasnom, \u00fclhetek h\u00e1ts\u00f3 sorban az el\u0151ad\u00e1sokon, sz\u00f3lhatnak a h\u00e1tam m\u00f6g\u00fcl, akkor is meg\u00e9rtem, amit mondanak nekem.<\/span><\/p><p><span style=\"font-weight: 400;\">P\u00e9csett a szakemberek is meglep\u0151dtek, amikor \u00e9ppen Kell\u00e9nyi \u00farn\u00e1l voltam be\u00e1ll\u00edt\u00e1son \u00e9s megsz\u00f3lalt a mobiltelefonom. K\u00edv\u00e1ncsian n\u00e9zte, mit fogok most csin\u00e1lni? H\u00e1t felvettem \u00e9s besz\u00e9ltem rajta. K\u00e9rdeztek \u00e9s \u00e9n v\u00e1laszoltam. Elmond\u00e1sa szerint ilyennel m\u00e9g nem tal\u00e1lkozott, aki telefon\u00e1l is az implant\u00e1tummal. \u00c9n igen, az\u00f3ta is.<\/span><\/p><p><span style=\"font-weight: 400;\">Ennyi az \u00e9n t\u00f6rt\u00e9netem, 15 \u00e9vnyi k\u00fczdelem ut\u00e1n kaptam P\u00e9csett egy \u00faj \u00e9letet. Ennek most m\u00e1r 12 \u00e9ve. Az\u00f3ta is naponta h\u00e1l\u00e1t adok ez\u00e9rt a csod\u00e1\u00e9rt, ahol nincs t\u00f6bb vesztes\u00e9g, nincs hall\u00e1sroml\u00e1s, hanem a be\u00e1ll\u00edt\u00e1snak k\u00f6sz\u00f6nhet\u0151en \u00e1lland\u00f3an ugyanolyan j\u00f3l hallok. S ami m\u00e9g \u00e9rdekes, hogy olyan hangokat hallok, amiket kor\u00e1bban soha. P\u00e9ld\u00e1ul amikor bent felejtem a kulcsot az aut\u00f3mban, hangosan pittyeg, ezt a m\u0171t\u00e9t \u00f3ta hallom. A mad\u00e1rcsicserg\u00e9s elfeledett hangj\u00e1t is visszakaptam az esti t\u00fccs\u00f6k ciripel\u00e9ssel egy\u00fctt.\u00a0<\/span><\/p><p><span style=\"font-weight: 400;\">Ez\u00faton is szeretn\u00e9m kifejezni h\u00e1l\u00e1mat az audiol\u00f3gus h\u00f6lgynek, aki P\u00e9csre ir\u00e1ny\u00edtott \u00e9s a p\u00e9csi f\u00fcl-orr-g\u00e9ge klinika minden dolgoz\u00f3j\u00e1nak. Az\u00f3ta is mindig sz\u00edvesen megyek oda vissza, ahol es\u00e9lyt kaptam az \u00e9letre&#8230;<\/span><\/p><p><strong>Aradi \u00c9va<\/strong><\/p>\t\t\t\t\t\t\t\t<\/div>\n\t\t\t\t<\/div>\n\t\t\t\t<div class=\"elementor-element elementor-element-1ae15c99 elementor-align-left elementor-widget elementor-widget-elementskit-button\" data-id=\"1ae15c99\" data-element_type=\"widget\" data-e-type=\"widget\" data-widget_type=\"elementskit-button.default\">\n\t\t\t\t<div class=\"elementor-widget-container\">\n\t\t\t\t\t<div class=\"ekit-wid-con\" >\t\t<div class=\"ekit-btn-wraper\">\n\t\t\t\t\t\t\t<a href=\"https:\/\/hallasvilagnapja.hu\/hvn\/?page_id=1002\" class=\"elementskit-btn  whitespace--normal\" id=\"\">\n\t\t\t\t\tVissza a jel\u00f6ltekhez\t\t\t\t<\/a>\n\t\t\t\t\t<\/div>\n        <\/div>\t\t\t\t<\/div>\n\t\t\t\t<\/div>\n\t\t\t\t<div class=\"elementor-element elementor-element-2c1a13f2 elementor-widget-divider--view-line elementor-invisible elementor-widget elementor-widget-divider\" data-id=\"2c1a13f2\" data-element_type=\"widget\" data-e-type=\"widget\" data-settings=\"{&quot;_animation&quot;:&quot;fadeInUp&quot;}\" data-widget_type=\"divider.default\">\n\t\t\t\t<div class=\"elementor-widget-container\">\n\t\t\t\t\t\t\t<div class=\"elementor-divider\">\n\t\t\t<span class=\"elementor-divider-separator\">\n\t\t\t\t\t\t<\/span>\n\t\t<\/div>\n\t\t\t\t\t\t<\/div>\n\t\t\t\t<\/div>\n\t\t\t\t\t<\/div>\n\t\t<\/div>\n\t\t\t\t\t<\/div>\n\t\t<\/div>\n\t\t\t\t<\/div>\n\t\t","protected":false},"excerpt":{"rendered":"<p>nap \u00f3ra perc m\u00e1sodperc Ott leszek \u00e9n is! Aradi E\u0301va Egy \u00faj \u00e9let\u2026 Facebook-f Twitter Google-plus-g Github Linkedin-in Mit is jelent nekem a hall\u00e1s?\u00a0 Mindent. Az eg\u00e9sz \u00e9letemet, a munk\u00e1mat.\u00a0 Volt n\u00e9h\u00e1ny \u00e9v, amikor \u00fagy t\u0171nt, mindezt elvesz\u00edtem.\u00a0 Elgondolkodtam rajta, milyen \u00e9let az, amit hall\u00e1s n\u00e9lk\u00fcl kell le\u00e9lnem? Nem akartam \u00edgy \u00e9lni\u2026 Gyerekkoromt\u00f3l arra k\u00e9sz\u00fcltem, [&hellip;]<\/p>\n","protected":false},"author":2,"featured_media":0,"comment_status":"closed","ping_status":"open","sticky":false,"template":"","format":"standard","meta":{"footnotes":""},"categories":[1],"tags":[],"class_list":["post-1229","post","type-post","status-publish","format-standard","hentry","category-uncategorized"],"yoast_head":"<!-- This site is optimized with the Yoast SEO Premium plugin v27.4 (Yoast SEO v27.4) - https:\/\/yoast.com\/product\/yoast-seo-premium-wordpress\/ -->\n<title>Aradi E\u0301va - Hall\u00e1s Vil\u00e1gnapja<\/title>\n<meta name=\"robots\" content=\"index, follow, max-snippet:-1, max-image-preview:large, max-video-preview:-1\" \/>\n<link rel=\"canonical\" href=\"https:\/\/hallasvilagnapja.hu\/hvn\/aradi-eva\/\" \/>\n<meta property=\"og:locale\" content=\"hu_HU\" \/>\n<meta property=\"og:type\" content=\"article\" \/>\n<meta property=\"og:title\" content=\"Aradi E\u0301va\" \/>\n<meta property=\"og:description\" content=\"nap \u00f3ra perc m\u00e1sodperc Ott leszek \u00e9n is! Aradi E\u0301va Egy \u00faj \u00e9let\u2026 Facebook-f Twitter Google-plus-g Github Linkedin-in Mit is jelent nekem a hall\u00e1s?\u00a0 Mindent. Az eg\u00e9sz \u00e9letemet, a munk\u00e1mat.\u00a0 Volt n\u00e9h\u00e1ny \u00e9v, amikor \u00fagy t\u0171nt, mindezt elvesz\u00edtem.\u00a0 Elgondolkodtam rajta, milyen \u00e9let az, amit hall\u00e1s n\u00e9lk\u00fcl kell le\u00e9lnem? Nem akartam \u00edgy \u00e9lni\u2026 Gyerekkoromt\u00f3l arra k\u00e9sz\u00fcltem, [&hellip;]\" \/>\n<meta property=\"og:url\" content=\"https:\/\/hallasvilagnapja.hu\/hvn\/aradi-eva\/\" \/>\n<meta property=\"og:site_name\" content=\"Hall\u00e1s Vil\u00e1gnapja\" \/>\n<meta property=\"article:published_time\" content=\"2026-03-03T12:48:44+00:00\" \/>\n<meta property=\"article:modified_time\" content=\"2026-03-05T17:37:13+00:00\" \/>\n<meta property=\"og:image\" content=\"https:\/\/hallasvilagnapja.hu\/hvn\/wp-content\/uploads\/2025\/01\/Hallas-vilagnapja-logo-e1738154213707.png\" \/>\n\t<meta property=\"og:image:width\" content=\"100\" \/>\n\t<meta property=\"og:image:height\" content=\"100\" \/>\n\t<meta property=\"og:image:type\" content=\"image\/png\" \/>\n<meta name=\"author\" content=\"V\u00e1mos Evelin\" \/>\n<meta name=\"twitter:card\" content=\"summary_large_image\" \/>\n<meta name=\"twitter:label1\" content=\"Szerz\u0151:\" \/>\n\t<meta name=\"twitter:data1\" content=\"V\u00e1mos Evelin\" \/>\n\t<meta name=\"twitter:label2\" content=\"Becs\u00fclt olvas\u00e1si id\u0151\" \/>\n\t<meta name=\"twitter:data2\" content=\"8 perc\" \/>\n<script type=\"application\/ld+json\" class=\"yoast-schema-graph\">{\"@context\":\"https:\\\/\\\/schema.org\",\"@graph\":[{\"@type\":\"Article\",\"@id\":\"https:\\\/\\\/hallasvilagnapja.hu\\\/hvn\\\/aradi-eva\\\/#article\",\"isPartOf\":{\"@id\":\"https:\\\/\\\/hallasvilagnapja.hu\\\/hvn\\\/aradi-eva\\\/\"},\"author\":{\"name\":\"V\u00e1mos Evelin\",\"@id\":\"https:\\\/\\\/hallasvilagnapja.hu\\\/hvn\\\/#\\\/schema\\\/person\\\/43586b0fd71b8fdbd4296b1c8ca58f0f\"},\"headline\":\"Aradi E\u0301va\",\"datePublished\":\"2026-03-03T12:48:44+00:00\",\"dateModified\":\"2026-03-05T17:37:13+00:00\",\"mainEntityOfPage\":{\"@id\":\"https:\\\/\\\/hallasvilagnapja.hu\\\/hvn\\\/aradi-eva\\\/\"},\"wordCount\":1934,\"publisher\":{\"@id\":\"https:\\\/\\\/hallasvilagnapja.hu\\\/hvn\\\/#organization\"},\"image\":{\"@id\":\"https:\\\/\\\/hallasvilagnapja.hu\\\/hvn\\\/aradi-eva\\\/#primaryimage\"},\"thumbnailUrl\":\"https:\\\/\\\/hallasvilagnapja.hu\\\/hvn\\\/wp-content\\\/uploads\\\/2025\\\/01\\\/Hallas-vilagnapja-logo-e1738154213707.png\",\"articleSection\":[\"Uncategorized\"],\"inLanguage\":\"hu\"},{\"@type\":\"WebPage\",\"@id\":\"https:\\\/\\\/hallasvilagnapja.hu\\\/hvn\\\/aradi-eva\\\/\",\"url\":\"https:\\\/\\\/hallasvilagnapja.hu\\\/hvn\\\/aradi-eva\\\/\",\"name\":\"Aradi E\u0301va - Hall\u00e1s Vil\u00e1gnapja\",\"isPartOf\":{\"@id\":\"https:\\\/\\\/hallasvilagnapja.hu\\\/hvn\\\/#website\"},\"primaryImageOfPage\":{\"@id\":\"https:\\\/\\\/hallasvilagnapja.hu\\\/hvn\\\/aradi-eva\\\/#primaryimage\"},\"image\":{\"@id\":\"https:\\\/\\\/hallasvilagnapja.hu\\\/hvn\\\/aradi-eva\\\/#primaryimage\"},\"thumbnailUrl\":\"https:\\\/\\\/hallasvilagnapja.hu\\\/hvn\\\/wp-content\\\/uploads\\\/2025\\\/01\\\/Hallas-vilagnapja-logo-e1738154213707.png\",\"datePublished\":\"2026-03-03T12:48:44+00:00\",\"dateModified\":\"2026-03-05T17:37:13+00:00\",\"breadcrumb\":{\"@id\":\"https:\\\/\\\/hallasvilagnapja.hu\\\/hvn\\\/aradi-eva\\\/#breadcrumb\"},\"inLanguage\":\"hu\",\"potentialAction\":[{\"@type\":\"ReadAction\",\"target\":[\"https:\\\/\\\/hallasvilagnapja.hu\\\/hvn\\\/aradi-eva\\\/\"]}]},{\"@type\":\"ImageObject\",\"inLanguage\":\"hu\",\"@id\":\"https:\\\/\\\/hallasvilagnapja.hu\\\/hvn\\\/aradi-eva\\\/#primaryimage\",\"url\":\"https:\\\/\\\/hallasvilagnapja.hu\\\/hvn\\\/wp-content\\\/uploads\\\/2025\\\/01\\\/Hallas-vilagnapja-logo-e1738154213707.png\",\"contentUrl\":\"https:\\\/\\\/hallasvilagnapja.hu\\\/hvn\\\/wp-content\\\/uploads\\\/2025\\\/01\\\/Hallas-vilagnapja-logo-e1738154213707.png\",\"width\":100,\"height\":100},{\"@type\":\"BreadcrumbList\",\"@id\":\"https:\\\/\\\/hallasvilagnapja.hu\\\/hvn\\\/aradi-eva\\\/#breadcrumb\",\"itemListElement\":[{\"@type\":\"ListItem\",\"position\":1,\"name\":\"Home\",\"item\":\"https:\\\/\\\/hallasvilagnapja.hu\\\/hvn\\\/\"},{\"@type\":\"ListItem\",\"position\":2,\"name\":\"Aradi E\u0301va\"}]},{\"@type\":\"WebSite\",\"@id\":\"https:\\\/\\\/hallasvilagnapja.hu\\\/hvn\\\/#website\",\"url\":\"https:\\\/\\\/hallasvilagnapja.hu\\\/hvn\\\/\",\"name\":\"Hall\u00e1s Vil\u00e1gnapja\",\"description\":\"Legyen a f\u00fcl- \u00e9s hall\u00e1sgondoz\u00e1s  mindenki sz\u00e1m\u00e1ra val\u00f3s\u00e1g!\",\"publisher\":{\"@id\":\"https:\\\/\\\/hallasvilagnapja.hu\\\/hvn\\\/#organization\"},\"potentialAction\":[{\"@type\":\"SearchAction\",\"target\":{\"@type\":\"EntryPoint\",\"urlTemplate\":\"https:\\\/\\\/hallasvilagnapja.hu\\\/hvn\\\/?s={search_term_string}\"},\"query-input\":{\"@type\":\"PropertyValueSpecification\",\"valueRequired\":true,\"valueName\":\"search_term_string\"}}],\"inLanguage\":\"hu\"},{\"@type\":\"Organization\",\"@id\":\"https:\\\/\\\/hallasvilagnapja.hu\\\/hvn\\\/#organization\",\"name\":\"Hall\u00e1s Vil\u00e1gnapja\",\"url\":\"https:\\\/\\\/hallasvilagnapja.hu\\\/hvn\\\/\",\"logo\":{\"@type\":\"ImageObject\",\"inLanguage\":\"hu\",\"@id\":\"https:\\\/\\\/hallasvilagnapja.hu\\\/hvn\\\/#\\\/schema\\\/logo\\\/image\\\/\",\"url\":\"https:\\\/\\\/hallasvilagnapja.hu\\\/hvn\\\/wp-content\\\/uploads\\\/2025\\\/01\\\/cropped-cropped-Hallas-vilagnapja-logo.png\",\"contentUrl\":\"https:\\\/\\\/hallasvilagnapja.hu\\\/hvn\\\/wp-content\\\/uploads\\\/2025\\\/01\\\/cropped-cropped-Hallas-vilagnapja-logo.png\",\"width\":800,\"height\":800,\"caption\":\"Hall\u00e1s Vil\u00e1gnapja\"},\"image\":{\"@id\":\"https:\\\/\\\/hallasvilagnapja.hu\\\/hvn\\\/#\\\/schema\\\/logo\\\/image\\\/\"}},{\"@type\":\"Person\",\"@id\":\"https:\\\/\\\/hallasvilagnapja.hu\\\/hvn\\\/#\\\/schema\\\/person\\\/43586b0fd71b8fdbd4296b1c8ca58f0f\",\"name\":\"V\u00e1mos Evelin\",\"image\":{\"@type\":\"ImageObject\",\"inLanguage\":\"hu\",\"@id\":\"https:\\\/\\\/secure.gravatar.com\\\/avatar\\\/8f5d3ee5093f1f2b2b441a8eb2be9152442f2de2e45e6767f0811c9c42422800?s=96&d=mm&r=g\",\"url\":\"https:\\\/\\\/secure.gravatar.com\\\/avatar\\\/8f5d3ee5093f1f2b2b441a8eb2be9152442f2de2e45e6767f0811c9c42422800?s=96&d=mm&r=g\",\"contentUrl\":\"https:\\\/\\\/secure.gravatar.com\\\/avatar\\\/8f5d3ee5093f1f2b2b441a8eb2be9152442f2de2e45e6767f0811c9c42422800?s=96&d=mm&r=g\",\"caption\":\"V\u00e1mos Evelin\"},\"url\":\"https:\\\/\\\/hallasvilagnapja.hu\\\/hvn\\\/author\\\/evelin\\\/\"}]}<\/script>\n<!-- \/ Yoast SEO Premium plugin. -->","yoast_head_json":{"title":"Aradi E\u0301va - Hall\u00e1s Vil\u00e1gnapja","robots":{"index":"index","follow":"follow","max-snippet":"max-snippet:-1","max-image-preview":"max-image-preview:large","max-video-preview":"max-video-preview:-1"},"canonical":"https:\/\/hallasvilagnapja.hu\/hvn\/aradi-eva\/","og_locale":"hu_HU","og_type":"article","og_title":"Aradi E\u0301va","og_description":"nap \u00f3ra perc m\u00e1sodperc Ott leszek \u00e9n is! Aradi E\u0301va Egy \u00faj \u00e9let\u2026 Facebook-f Twitter Google-plus-g Github Linkedin-in Mit is jelent nekem a hall\u00e1s?\u00a0 Mindent. Az eg\u00e9sz \u00e9letemet, a munk\u00e1mat.\u00a0 Volt n\u00e9h\u00e1ny \u00e9v, amikor \u00fagy t\u0171nt, mindezt elvesz\u00edtem.\u00a0 Elgondolkodtam rajta, milyen \u00e9let az, amit hall\u00e1s n\u00e9lk\u00fcl kell le\u00e9lnem? Nem akartam \u00edgy \u00e9lni\u2026 Gyerekkoromt\u00f3l arra k\u00e9sz\u00fcltem, [&hellip;]","og_url":"https:\/\/hallasvilagnapja.hu\/hvn\/aradi-eva\/","og_site_name":"Hall\u00e1s Vil\u00e1gnapja","article_published_time":"2026-03-03T12:48:44+00:00","article_modified_time":"2026-03-05T17:37:13+00:00","og_image":[{"width":100,"height":100,"url":"https:\/\/hallasvilagnapja.hu\/hvn\/wp-content\/uploads\/2025\/01\/Hallas-vilagnapja-logo-e1738154213707.png","type":"image\/png"}],"author":"V\u00e1mos Evelin","twitter_card":"summary_large_image","twitter_misc":{"Szerz\u0151:":"V\u00e1mos Evelin","Becs\u00fclt olvas\u00e1si id\u0151":"8 perc"},"schema":{"@context":"https:\/\/schema.org","@graph":[{"@type":"Article","@id":"https:\/\/hallasvilagnapja.hu\/hvn\/aradi-eva\/#article","isPartOf":{"@id":"https:\/\/hallasvilagnapja.hu\/hvn\/aradi-eva\/"},"author":{"name":"V\u00e1mos Evelin","@id":"https:\/\/hallasvilagnapja.hu\/hvn\/#\/schema\/person\/43586b0fd71b8fdbd4296b1c8ca58f0f"},"headline":"Aradi E\u0301va","datePublished":"2026-03-03T12:48:44+00:00","dateModified":"2026-03-05T17:37:13+00:00","mainEntityOfPage":{"@id":"https:\/\/hallasvilagnapja.hu\/hvn\/aradi-eva\/"},"wordCount":1934,"publisher":{"@id":"https:\/\/hallasvilagnapja.hu\/hvn\/#organization"},"image":{"@id":"https:\/\/hallasvilagnapja.hu\/hvn\/aradi-eva\/#primaryimage"},"thumbnailUrl":"https:\/\/hallasvilagnapja.hu\/hvn\/wp-content\/uploads\/2025\/01\/Hallas-vilagnapja-logo-e1738154213707.png","articleSection":["Uncategorized"],"inLanguage":"hu"},{"@type":"WebPage","@id":"https:\/\/hallasvilagnapja.hu\/hvn\/aradi-eva\/","url":"https:\/\/hallasvilagnapja.hu\/hvn\/aradi-eva\/","name":"Aradi E\u0301va - Hall\u00e1s Vil\u00e1gnapja","isPartOf":{"@id":"https:\/\/hallasvilagnapja.hu\/hvn\/#website"},"primaryImageOfPage":{"@id":"https:\/\/hallasvilagnapja.hu\/hvn\/aradi-eva\/#primaryimage"},"image":{"@id":"https:\/\/hallasvilagnapja.hu\/hvn\/aradi-eva\/#primaryimage"},"thumbnailUrl":"https:\/\/hallasvilagnapja.hu\/hvn\/wp-content\/uploads\/2025\/01\/Hallas-vilagnapja-logo-e1738154213707.png","datePublished":"2026-03-03T12:48:44+00:00","dateModified":"2026-03-05T17:37:13+00:00","breadcrumb":{"@id":"https:\/\/hallasvilagnapja.hu\/hvn\/aradi-eva\/#breadcrumb"},"inLanguage":"hu","potentialAction":[{"@type":"ReadAction","target":["https:\/\/hallasvilagnapja.hu\/hvn\/aradi-eva\/"]}]},{"@type":"ImageObject","inLanguage":"hu","@id":"https:\/\/hallasvilagnapja.hu\/hvn\/aradi-eva\/#primaryimage","url":"https:\/\/hallasvilagnapja.hu\/hvn\/wp-content\/uploads\/2025\/01\/Hallas-vilagnapja-logo-e1738154213707.png","contentUrl":"https:\/\/hallasvilagnapja.hu\/hvn\/wp-content\/uploads\/2025\/01\/Hallas-vilagnapja-logo-e1738154213707.png","width":100,"height":100},{"@type":"BreadcrumbList","@id":"https:\/\/hallasvilagnapja.hu\/hvn\/aradi-eva\/#breadcrumb","itemListElement":[{"@type":"ListItem","position":1,"name":"Home","item":"https:\/\/hallasvilagnapja.hu\/hvn\/"},{"@type":"ListItem","position":2,"name":"Aradi E\u0301va"}]},{"@type":"WebSite","@id":"https:\/\/hallasvilagnapja.hu\/hvn\/#website","url":"https:\/\/hallasvilagnapja.hu\/hvn\/","name":"Hall\u00e1s Vil\u00e1gnapja","description":"Legyen a f\u00fcl- \u00e9s hall\u00e1sgondoz\u00e1s  mindenki sz\u00e1m\u00e1ra val\u00f3s\u00e1g!","publisher":{"@id":"https:\/\/hallasvilagnapja.hu\/hvn\/#organization"},"potentialAction":[{"@type":"SearchAction","target":{"@type":"EntryPoint","urlTemplate":"https:\/\/hallasvilagnapja.hu\/hvn\/?s={search_term_string}"},"query-input":{"@type":"PropertyValueSpecification","valueRequired":true,"valueName":"search_term_string"}}],"inLanguage":"hu"},{"@type":"Organization","@id":"https:\/\/hallasvilagnapja.hu\/hvn\/#organization","name":"Hall\u00e1s Vil\u00e1gnapja","url":"https:\/\/hallasvilagnapja.hu\/hvn\/","logo":{"@type":"ImageObject","inLanguage":"hu","@id":"https:\/\/hallasvilagnapja.hu\/hvn\/#\/schema\/logo\/image\/","url":"https:\/\/hallasvilagnapja.hu\/hvn\/wp-content\/uploads\/2025\/01\/cropped-cropped-Hallas-vilagnapja-logo.png","contentUrl":"https:\/\/hallasvilagnapja.hu\/hvn\/wp-content\/uploads\/2025\/01\/cropped-cropped-Hallas-vilagnapja-logo.png","width":800,"height":800,"caption":"Hall\u00e1s Vil\u00e1gnapja"},"image":{"@id":"https:\/\/hallasvilagnapja.hu\/hvn\/#\/schema\/logo\/image\/"}},{"@type":"Person","@id":"https:\/\/hallasvilagnapja.hu\/hvn\/#\/schema\/person\/43586b0fd71b8fdbd4296b1c8ca58f0f","name":"V\u00e1mos Evelin","image":{"@type":"ImageObject","inLanguage":"hu","@id":"https:\/\/secure.gravatar.com\/avatar\/8f5d3ee5093f1f2b2b441a8eb2be9152442f2de2e45e6767f0811c9c42422800?s=96&d=mm&r=g","url":"https:\/\/secure.gravatar.com\/avatar\/8f5d3ee5093f1f2b2b441a8eb2be9152442f2de2e45e6767f0811c9c42422800?s=96&d=mm&r=g","contentUrl":"https:\/\/secure.gravatar.com\/avatar\/8f5d3ee5093f1f2b2b441a8eb2be9152442f2de2e45e6767f0811c9c42422800?s=96&d=mm&r=g","caption":"V\u00e1mos Evelin"},"url":"https:\/\/hallasvilagnapja.hu\/hvn\/author\/evelin\/"}]}},"_links":{"self":[{"href":"https:\/\/hallasvilagnapja.hu\/hvn\/wp-json\/wp\/v2\/posts\/1229","targetHints":{"allow":["GET"]}}],"collection":[{"href":"https:\/\/hallasvilagnapja.hu\/hvn\/wp-json\/wp\/v2\/posts"}],"about":[{"href":"https:\/\/hallasvilagnapja.hu\/hvn\/wp-json\/wp\/v2\/types\/post"}],"author":[{"embeddable":true,"href":"https:\/\/hallasvilagnapja.hu\/hvn\/wp-json\/wp\/v2\/users\/2"}],"replies":[{"embeddable":true,"href":"https:\/\/hallasvilagnapja.hu\/hvn\/wp-json\/wp\/v2\/comments?post=1229"}],"version-history":[{"count":13,"href":"https:\/\/hallasvilagnapja.hu\/hvn\/wp-json\/wp\/v2\/posts\/1229\/revisions"}],"predecessor-version":[{"id":1666,"href":"https:\/\/hallasvilagnapja.hu\/hvn\/wp-json\/wp\/v2\/posts\/1229\/revisions\/1666"}],"wp:attachment":[{"href":"https:\/\/hallasvilagnapja.hu\/hvn\/wp-json\/wp\/v2\/media?parent=1229"}],"wp:term":[{"taxonomy":"category","embeddable":true,"href":"https:\/\/hallasvilagnapja.hu\/hvn\/wp-json\/wp\/v2\/categories?post=1229"},{"taxonomy":"post_tag","embeddable":true,"href":"https:\/\/hallasvilagnapja.hu\/hvn\/wp-json\/wp\/v2\/tags?post=1229"}],"curies":[{"name":"wp","href":"https:\/\/api.w.org\/{rel}","templated":true}]}}