{"id":1241,"date":"2026-03-03T13:52:51","date_gmt":"2026-03-03T12:52:51","guid":{"rendered":"https:\/\/hallasvilagnapja.hu\/hvn\/?p=1241"},"modified":"2026-03-05T18:38:00","modified_gmt":"2026-03-05T17:38:00","slug":"balogh-kata","status":"publish","type":"post","link":"https:\/\/hallasvilagnapja.hu\/hvn\/balogh-kata\/","title":{"rendered":"Balogh Kata"},"content":{"rendered":"\t\t<div data-elementor-type=\"wp-post\" data-elementor-id=\"1241\" class=\"elementor elementor-1241\" data-elementor-post-type=\"post\">\n\t\t\t\t<div class=\"elementor-element elementor-element-1f614f5f e-flex e-con-boxed e-con e-parent\" data-id=\"1f614f5f\" data-element_type=\"container\" data-e-type=\"container\">\n\t\t\t\t\t<div class=\"e-con-inner\">\n\t\t<div class=\"elementor-element elementor-element-38bb3344 e-con-full e-flex e-con e-child\" data-id=\"38bb3344\" data-element_type=\"container\" data-e-type=\"container\">\n\t\t\t\t<div class=\"elementor-element elementor-element-6be984c4 elementor-widget elementor-widget-image\" data-id=\"6be984c4\" data-element_type=\"widget\" data-e-type=\"widget\" data-widget_type=\"image.default\">\n\t\t\t\t<div class=\"elementor-widget-container\">\n\t\t\t\t\t\t\t\t\t\t\t\t\t\t\t<img decoding=\"async\" width=\"100\" height=\"100\" src=\"https:\/\/hallasvilagnapja.hu\/hvn\/wp-content\/uploads\/2025\/01\/Hallas-vilagnapja-logo-e1738154213707.png\" class=\"attachment-large size-large wp-image-71\" alt=\"\" \/>\t\t\t\t\t\t\t\t\t\t\t\t\t\t\t<\/div>\n\t\t\t\t<\/div>\n\t\t\t\t<\/div>\n\t\t<div class=\"elementor-element elementor-element-70b149d9 e-con-full e-flex e-con e-child\" data-id=\"70b149d9\" data-element_type=\"container\" data-e-type=\"container\">\n\t\t\t\t<div class=\"elementor-element elementor-element-6ef2278b elementor-countdown--label-block elementor-widget elementor-widget-countdown\" data-id=\"6ef2278b\" data-element_type=\"widget\" data-e-type=\"widget\" data-widget_type=\"countdown.default\">\n\t\t\t\t<div class=\"elementor-widget-container\">\n\t\t\t\t\t\t\t<div data-expire-actions=\"[{&quot;type&quot;:&quot;hide&quot;}]\" class=\"elementor-countdown-wrapper\" data-date=\"1772874000\">\n\t\t\t<div class=\"elementor-countdown-item\"><span class=\"elementor-countdown-digits elementor-countdown-days\"><\/span> <span class=\"elementor-countdown-label\">nap<\/span><\/div><div class=\"elementor-countdown-item\"><span class=\"elementor-countdown-digits elementor-countdown-hours\"><\/span> <span class=\"elementor-countdown-label\">\u00f3ra<\/span><\/div><div class=\"elementor-countdown-item\"><span class=\"elementor-countdown-digits elementor-countdown-minutes\"><\/span> <span class=\"elementor-countdown-label\">perc<\/span><\/div><div class=\"elementor-countdown-item\"><span class=\"elementor-countdown-digits elementor-countdown-seconds\"><\/span> <span class=\"elementor-countdown-label\">m\u00e1sodperc<\/span><\/div>\t\t<\/div>\n\t\t\t\t\t\t<\/div>\n\t\t\t\t<\/div>\n\t\t\t\t<\/div>\n\t\t\t\t\t<\/div>\n\t\t\t\t<\/div>\n\t\t\t\t<section class=\"elementor-section elementor-top-section elementor-element elementor-element-52651a5f elementor-section-boxed elementor-section-height-default elementor-section-height-default\" data-id=\"52651a5f\" data-element_type=\"section\" data-e-type=\"section\" data-settings=\"{&quot;background_background&quot;:&quot;classic&quot;}\">\n\t\t\t\t\t\t<div class=\"elementor-container elementor-column-gap-default\">\n\t\t\t\t\t<div class=\"elementor-column elementor-col-50 elementor-top-column elementor-element elementor-element-30363ced\" data-id=\"30363ced\" data-element_type=\"column\" data-e-type=\"column\">\n\t\t\t<div class=\"elementor-widget-wrap elementor-element-populated\">\n\t\t\t\t\t\t<div class=\"elementor-element elementor-element-1ecf98b5 elementor-nav-menu__align-start elementor-widget__width-initial elementor-nav-menu--dropdown-tablet elementor-nav-menu__text-align-aside elementor-nav-menu--toggle elementor-nav-menu--burger elementor-widget elementor-widget-nav-menu\" data-id=\"1ecf98b5\" data-element_type=\"widget\" data-e-type=\"widget\" data-settings=\"{&quot;submenu_icon&quot;:{&quot;value&quot;:&quot;&lt;svg aria-hidden=\\&quot;true\\&quot; class=\\&quot;fa-svg-chevron-down e-font-icon-svg e-fas-chevron-down\\&quot; viewBox=\\&quot;0 0 448 512\\&quot; xmlns=\\&quot;http:\\\/\\\/www.w3.org\\\/2000\\\/svg\\&quot;&gt;&lt;path d=\\&quot;M207.029 381.476L12.686 187.132c-9.373-9.373-9.373-24.569 0-33.941l22.667-22.667c9.357-9.357 24.522-9.375 33.901-.04L224 284.505l154.745-154.021c9.379-9.335 24.544-9.317 33.901.04l22.667 22.667c9.373 9.373 9.373 24.569 0 33.941L240.971 381.476c-9.373 9.372-24.569 9.372-33.942 0z\\&quot;&gt;&lt;\\\/path&gt;&lt;\\\/svg&gt;&quot;,&quot;library&quot;:&quot;fa-solid&quot;},&quot;layout&quot;:&quot;horizontal&quot;,&quot;toggle&quot;:&quot;burger&quot;}\" data-widget_type=\"nav-menu.default\">\n\t\t\t\t<div class=\"elementor-widget-container\">\n\t\t\t\t\t\t\t\t<nav aria-label=\"Men\u00fc\" class=\"elementor-nav-menu--main elementor-nav-menu__container elementor-nav-menu--layout-horizontal e--pointer-overline e--animation-fade\">\n\t\t\t\t<ul id=\"menu-1-1ecf98b5\" class=\"elementor-nav-menu\"><li class=\"menu-item menu-item-type-custom menu-item-object-custom menu-item-home menu-item-554\"><a href=\"https:\/\/hallasvilagnapja.hu\/hvn\" class=\"elementor-item\">Hall\u00e1s Vil\u00e1gnapja<\/a><\/li>\n<li class=\"menu-item menu-item-type-post_type menu-item-object-page menu-item-1145\"><a href=\"https:\/\/hallasvilagnapja.hu\/hvn\/hearx-terem-2026\/\" class=\"elementor-item\">HEARx konferencia<\/a><\/li>\n<li class=\"menu-item menu-item-type-post_type menu-item-object-page menu-item-1149\"><a href=\"https:\/\/hallasvilagnapja.hu\/hvn\/hallasrehabilitacio-2026\/\" class=\"elementor-item\">Hall\u00e1srehabilit\u00e1ci\u00f3 2026<\/a><\/li>\n<li class=\"menu-item menu-item-type-post_type menu-item-object-page menu-item-1486\"><a href=\"https:\/\/hallasvilagnapja.hu\/hvn\/hallasserult-nagykovetek-2026\/\" class=\"elementor-item\">Hall\u00e1ss\u00e9r\u00fclt Nagyk\u00f6vet<\/a><\/li>\n<\/ul>\t\t\t<\/nav>\n\t\t\t\t\t<div class=\"elementor-menu-toggle\" role=\"button\" tabindex=\"0\" aria-label=\"Men\u00fc kapcsol\u00f3\" aria-expanded=\"false\">\n\t\t\t<svg aria-hidden=\"true\" role=\"presentation\" class=\"elementor-menu-toggle__icon--open e-font-icon-svg e-eicon-menu-bar\" viewBox=\"0 0 1000 1000\" xmlns=\"http:\/\/www.w3.org\/2000\/svg\"><path d=\"M104 333H896C929 333 958 304 958 271S929 208 896 208H104C71 208 42 237 42 271S71 333 104 333ZM104 583H896C929 583 958 554 958 521S929 458 896 458H104C71 458 42 487 42 521S71 583 104 583ZM104 833H896C929 833 958 804 958 771S929 708 896 708H104C71 708 42 737 42 771S71 833 104 833Z\"><\/path><\/svg><svg aria-hidden=\"true\" role=\"presentation\" class=\"elementor-menu-toggle__icon--close e-font-icon-svg e-eicon-close\" viewBox=\"0 0 1000 1000\" xmlns=\"http:\/\/www.w3.org\/2000\/svg\"><path d=\"M742 167L500 408 258 167C246 154 233 150 217 150 196 150 179 158 167 167 154 179 150 196 150 212 150 229 154 242 171 254L408 500 167 742C138 771 138 800 167 829 196 858 225 858 254 829L496 587 738 829C750 842 767 846 783 846 800 846 817 842 829 829 842 817 846 804 846 783 846 767 842 750 829 737L588 500 833 258C863 229 863 200 833 171 804 137 775 137 742 167Z\"><\/path><\/svg>\t\t<\/div>\n\t\t\t\t\t<nav class=\"elementor-nav-menu--dropdown elementor-nav-menu__container\" aria-hidden=\"true\">\n\t\t\t\t<ul id=\"menu-2-1ecf98b5\" class=\"elementor-nav-menu\"><li class=\"menu-item menu-item-type-custom menu-item-object-custom menu-item-home menu-item-554\"><a href=\"https:\/\/hallasvilagnapja.hu\/hvn\" class=\"elementor-item\" tabindex=\"-1\">Hall\u00e1s Vil\u00e1gnapja<\/a><\/li>\n<li class=\"menu-item menu-item-type-post_type menu-item-object-page menu-item-1145\"><a href=\"https:\/\/hallasvilagnapja.hu\/hvn\/hearx-terem-2026\/\" class=\"elementor-item\" tabindex=\"-1\">HEARx konferencia<\/a><\/li>\n<li class=\"menu-item menu-item-type-post_type menu-item-object-page menu-item-1149\"><a href=\"https:\/\/hallasvilagnapja.hu\/hvn\/hallasrehabilitacio-2026\/\" class=\"elementor-item\" tabindex=\"-1\">Hall\u00e1srehabilit\u00e1ci\u00f3 2026<\/a><\/li>\n<li class=\"menu-item menu-item-type-post_type menu-item-object-page menu-item-1486\"><a href=\"https:\/\/hallasvilagnapja.hu\/hvn\/hallasserult-nagykovetek-2026\/\" class=\"elementor-item\" tabindex=\"-1\">Hall\u00e1ss\u00e9r\u00fclt Nagyk\u00f6vet<\/a><\/li>\n<\/ul>\t\t\t<\/nav>\n\t\t\t\t\t\t<\/div>\n\t\t\t\t<\/div>\n\t\t\t\t\t<\/div>\n\t\t<\/div>\n\t\t\t\t<div class=\"elementor-column elementor-col-50 elementor-top-column elementor-element elementor-element-3a25bc31\" data-id=\"3a25bc31\" data-element_type=\"column\" data-e-type=\"column\">\n\t\t\t<div class=\"elementor-widget-wrap elementor-element-populated\">\n\t\t\t\t\t\t<section class=\"elementor-section elementor-inner-section elementor-element elementor-element-2664d834 elementor-hidden-mobile elementor-section-boxed elementor-section-height-default elementor-section-height-default\" data-id=\"2664d834\" data-element_type=\"section\" data-e-type=\"section\">\n\t\t\t\t\t\t<div class=\"elementor-container elementor-column-gap-no\">\n\t\t\t\t\t<div class=\"elementor-column elementor-col-100 elementor-inner-column elementor-element elementor-element-24be34af\" data-id=\"24be34af\" data-element_type=\"column\" data-e-type=\"column\">\n\t\t\t<div class=\"elementor-widget-wrap elementor-element-populated\">\n\t\t\t\t\t\t<div class=\"elementor-element elementor-element-55edb331 animated-fast elementor-align-right elementor-mobile-align-center elementor-button-warning elementor-widget__width-initial elementor-widget-tablet__width-initial elementor-invisible elementor-widget elementor-widget-button\" data-id=\"55edb331\" data-element_type=\"widget\" data-e-type=\"widget\" data-settings=\"{&quot;_animation&quot;:&quot;fadeIn&quot;}\" data-widget_type=\"button.default\">\n\t\t\t\t<div class=\"elementor-widget-container\">\n\t\t\t\t\t\t\t\t\t<div class=\"elementor-button-wrapper\">\n\t\t\t\t\t<a class=\"elementor-button elementor-button-link elementor-size-sm\" href=\"https:\/\/ottleszek.sinosz.hu\/esemeny\/hallas-vilagnapja-2025\" target=\"_blank\" rel=\"nofollow\">\n\t\t\t\t\t\t<span class=\"elementor-button-content-wrapper\">\n\t\t\t\t\t\t\t\t\t<span class=\"elementor-button-text\">Ott leszek \u00e9n is!<\/span>\n\t\t\t\t\t<\/span>\n\t\t\t\t\t<\/a>\n\t\t\t\t<\/div>\n\t\t\t\t\t\t\t\t<\/div>\n\t\t\t\t<\/div>\n\t\t\t\t\t<\/div>\n\t\t<\/div>\n\t\t\t\t\t<\/div>\n\t\t<\/section>\n\t\t\t\t\t<\/div>\n\t\t<\/div>\n\t\t\t\t\t<\/div>\n\t\t<\/section>\n\t\t\t\t<section class=\"elementor-section elementor-top-section elementor-element elementor-element-6cb601b9 elementor-section-full_width elementor-section-height-min-height elementor-section-items-stretch elementor-section-height-default\" data-id=\"6cb601b9\" data-element_type=\"section\" data-e-type=\"section\" data-settings=\"{&quot;background_background&quot;:&quot;classic&quot;}\">\n\t\t\t\t\t\t<div class=\"elementor-container elementor-column-gap-default\">\n\t\t\t\t\t<div class=\"elementor-column elementor-col-100 elementor-top-column elementor-element elementor-element-d1dcee0\" data-id=\"d1dcee0\" data-element_type=\"column\" data-e-type=\"column\">\n\t\t\t<div class=\"elementor-widget-wrap\">\n\t\t\t\t\t\t\t<\/div>\n\t\t<\/div>\n\t\t\t\t\t<\/div>\n\t\t<\/section>\n\t\t\t\t<section class=\"elementor-section elementor-top-section elementor-element elementor-element-7341d02e elementor-section-stretched elementor-section-content-middle elementor-section-boxed elementor-section-height-default elementor-section-height-default\" data-id=\"7341d02e\" data-element_type=\"section\" data-e-type=\"section\" data-settings=\"{&quot;stretch_section&quot;:&quot;section-stretched&quot;,&quot;background_background&quot;:&quot;classic&quot;}\">\n\t\t\t\t\t\t<div class=\"elementor-container elementor-column-gap-no\">\n\t\t\t\t\t<div class=\"elementor-column elementor-col-100 elementor-top-column elementor-element elementor-element-3e987959\" data-id=\"3e987959\" data-element_type=\"column\" data-e-type=\"column\">\n\t\t\t<div class=\"elementor-widget-wrap elementor-element-populated\">\n\t\t\t\t\t\t<section class=\"elementor-section elementor-inner-section elementor-element elementor-element-2160ea85 elementor-section-content-middle elementor-section-boxed elementor-section-height-default elementor-section-height-default\" data-id=\"2160ea85\" data-element_type=\"section\" data-e-type=\"section\">\n\t\t\t\t\t\t<div class=\"elementor-container elementor-column-gap-default\">\n\t\t\t\t\t<div class=\"elementor-column elementor-col-100 elementor-inner-column elementor-element elementor-element-61570b7f\" data-id=\"61570b7f\" data-element_type=\"column\" data-e-type=\"column\">\n\t\t\t<div class=\"elementor-widget-wrap elementor-element-populated\">\n\t\t\t\t\t\t<div class=\"elementor-element elementor-element-2213f2c0 elementor-widget elementor-widget-heading\" data-id=\"2213f2c0\" data-element_type=\"widget\" data-e-type=\"widget\" data-widget_type=\"heading.default\">\n\t\t\t\t<div class=\"elementor-widget-container\">\n\t\t\t\t\t<h2 class=\"elementor-heading-title elementor-size-default\">Balogh Kata<\/h2>\t\t\t\t<\/div>\n\t\t\t\t<\/div>\n\t\t\t\t\t<\/div>\n\t\t<\/div>\n\t\t\t\t\t<\/div>\n\t\t<\/section>\n\t\t\t\t\t<\/div>\n\t\t<\/div>\n\t\t\t\t\t<\/div>\n\t\t<\/section>\n\t\t\t\t<div class=\"elementor-section elementor-top-section elementor-element elementor-element-651d30f8 elementor-section-stretched elementor-section-content-middle elementor-section-boxed elementor-section-height-default elementor-section-height-default\" data-id=\"651d30f8\" data-element_type=\"section\" data-e-type=\"section\" data-settings=\"{&quot;stretch_section&quot;:&quot;section-stretched&quot;}\">\n\t\t\t\t\t\t<div class=\"elementor-container elementor-column-gap-default\">\n\t\t\t\t\t<div class=\"elementor-column elementor-col-100 elementor-top-column elementor-element elementor-element-6b2f24fd\" data-id=\"6b2f24fd\" data-element_type=\"column\" data-e-type=\"column\">\n\t\t\t<div class=\"elementor-widget-wrap elementor-element-populated\">\n\t\t\t\t\t\t<div class=\"elementor-element elementor-element-12b92b88 elementor-invisible elementor-widget elementor-widget-heading\" data-id=\"12b92b88\" data-element_type=\"widget\" data-e-type=\"widget\" data-settings=\"{&quot;_animation&quot;:&quot;fadeInUp&quot;}\" data-widget_type=\"heading.default\">\n\t\t\t\t<div class=\"elementor-widget-container\">\n\t\t\t\t\t<h2 class=\"elementor-heading-title elementor-size-default\">A csend ereje: A sz\u00e9gyent\u0151l az \u00f6nazonoss\u00e1gig<\/h2>\t\t\t\t<\/div>\n\t\t\t\t<\/div>\n\t\t\t\t<div class=\"elementor-element elementor-element-5efb0e3 elementor-shape-square e-grid-align-left elementor-grid-0 elementor-invisible elementor-widget elementor-widget-social-icons\" data-id=\"5efb0e3\" data-element_type=\"widget\" data-e-type=\"widget\" data-settings=\"{&quot;_animation&quot;:&quot;fadeInUp&quot;,&quot;_animation_delay&quot;:200}\" data-widget_type=\"social-icons.default\">\n\t\t\t\t<div class=\"elementor-widget-container\">\n\t\t\t\t\t\t\t<div class=\"elementor-social-icons-wrapper elementor-grid\" role=\"list\">\n\t\t\t\t\t\t\t<span class=\"elementor-grid-item\" role=\"listitem\">\n\t\t\t\t\t<a class=\"elementor-icon elementor-social-icon elementor-social-icon-facebook-f elementor-repeater-item-c47b00f\" target=\"_blank\">\n\t\t\t\t\t\t<span class=\"elementor-screen-only\">Facebook-f<\/span>\n\t\t\t\t\t\t<svg aria-hidden=\"true\" class=\"e-font-icon-svg e-fab-facebook-f\" viewBox=\"0 0 320 512\" xmlns=\"http:\/\/www.w3.org\/2000\/svg\"><path d=\"M279.14 288l14.22-92.66h-88.91v-60.13c0-25.35 12.42-50.06 52.24-50.06h40.42V6.26S260.43 0 225.36 0c-73.22 0-121.08 44.38-121.08 124.72v70.62H22.89V288h81.39v224h100.17V288z\"><\/path><\/svg>\t\t\t\t\t<\/a>\n\t\t\t\t<\/span>\n\t\t\t\t\t\t\t<span class=\"elementor-grid-item\" role=\"listitem\">\n\t\t\t\t\t<a class=\"elementor-icon elementor-social-icon elementor-social-icon-twitter elementor-repeater-item-871ea85\" target=\"_blank\">\n\t\t\t\t\t\t<span class=\"elementor-screen-only\">Twitter<\/span>\n\t\t\t\t\t\t<svg aria-hidden=\"true\" class=\"e-font-icon-svg e-fab-twitter\" viewBox=\"0 0 512 512\" xmlns=\"http:\/\/www.w3.org\/2000\/svg\"><path d=\"M459.37 151.716c.325 4.548.325 9.097.325 13.645 0 138.72-105.583 298.558-298.558 298.558-59.452 0-114.68-17.219-161.137-47.106 8.447.974 16.568 1.299 25.34 1.299 49.055 0 94.213-16.568 130.274-44.832-46.132-.975-84.792-31.188-98.112-72.772 6.498.974 12.995 1.624 19.818 1.624 9.421 0 18.843-1.3 27.614-3.573-48.081-9.747-84.143-51.98-84.143-102.985v-1.299c13.969 7.797 30.214 12.67 47.431 13.319-28.264-18.843-46.781-51.005-46.781-87.391 0-19.492 5.197-37.36 14.294-52.954 51.655 63.675 129.3 105.258 216.365 109.807-1.624-7.797-2.599-15.918-2.599-24.04 0-57.828 46.782-104.934 104.934-104.934 30.213 0 57.502 12.67 76.67 33.137 23.715-4.548 46.456-13.32 66.599-25.34-7.798 24.366-24.366 44.833-46.132 57.827 21.117-2.273 41.584-8.122 60.426-16.243-14.292 20.791-32.161 39.308-52.628 54.253z\"><\/path><\/svg>\t\t\t\t\t<\/a>\n\t\t\t\t<\/span>\n\t\t\t\t\t\t\t<span class=\"elementor-grid-item\" role=\"listitem\">\n\t\t\t\t\t<a class=\"elementor-icon elementor-social-icon elementor-social-icon-google-plus-g elementor-repeater-item-3d91771\" target=\"_blank\">\n\t\t\t\t\t\t<span class=\"elementor-screen-only\">Google-plus-g<\/span>\n\t\t\t\t\t\t<svg aria-hidden=\"true\" class=\"e-font-icon-svg e-fab-google-plus-g\" viewBox=\"0 0 640 512\" xmlns=\"http:\/\/www.w3.org\/2000\/svg\"><path d=\"M386.061 228.496c1.834 9.692 3.143 19.384 3.143 31.956C389.204 370.205 315.599 448 204.8 448c-106.084 0-192-85.915-192-192s85.916-192 192-192c51.864 0 95.083 18.859 128.611 50.292l-52.126 50.03c-14.145-13.621-39.028-29.599-76.485-29.599-65.484 0-118.92 54.221-118.92 121.277 0 67.056 53.436 121.277 118.92 121.277 75.961 0 104.513-54.745 108.965-82.773H204.8v-66.009h181.261zm185.406 6.437V179.2h-56.001v55.733h-55.733v56.001h55.733v55.733h56.001v-55.733H627.2v-56.001h-55.733z\"><\/path><\/svg>\t\t\t\t\t<\/a>\n\t\t\t\t<\/span>\n\t\t\t\t\t\t\t<span class=\"elementor-grid-item\" role=\"listitem\">\n\t\t\t\t\t<a class=\"elementor-icon elementor-social-icon elementor-social-icon-github elementor-repeater-item-bb617e3\" target=\"_blank\">\n\t\t\t\t\t\t<span class=\"elementor-screen-only\">Github<\/span>\n\t\t\t\t\t\t<svg aria-hidden=\"true\" class=\"e-font-icon-svg e-fab-github\" viewBox=\"0 0 496 512\" xmlns=\"http:\/\/www.w3.org\/2000\/svg\"><path d=\"M165.9 397.4c0 2-2.3 3.6-5.2 3.6-3.3.3-5.6-1.3-5.6-3.6 0-2 2.3-3.6 5.2-3.6 3-.3 5.6 1.3 5.6 3.6zm-31.1-4.5c-.7 2 1.3 4.3 4.3 4.9 2.6 1 5.6 0 6.2-2s-1.3-4.3-4.3-5.2c-2.6-.7-5.5.3-6.2 2.3zm44.2-1.7c-2.9.7-4.9 2.6-4.6 4.9.3 2 2.9 3.3 5.9 2.6 2.9-.7 4.9-2.6 4.6-4.6-.3-1.9-3-3.2-5.9-2.9zM244.8 8C106.1 8 0 113.3 0 252c0 110.9 69.8 205.8 169.5 239.2 12.8 2.3 17.3-5.6 17.3-12.1 0-6.2-.3-40.4-.3-61.4 0 0-70 15-84.7-29.8 0 0-11.4-29.1-27.8-36.6 0 0-22.9-15.7 1.6-15.4 0 0 24.9 2 38.6 25.8 21.9 38.6 58.6 27.5 72.9 20.9 2.3-16 8.8-27.1 16-33.7-55.9-6.2-112.3-14.3-112.3-110.5 0-27.5 7.6-41.3 23.6-58.9-2.6-6.5-11.1-33.3 2.6-67.9 20.9-6.5 69 27 69 27 20-5.6 41.5-8.5 62.8-8.5s42.8 2.9 62.8 8.5c0 0 48.1-33.6 69-27 13.7 34.7 5.2 61.4 2.6 67.9 16 17.7 25.8 31.5 25.8 58.9 0 96.5-58.9 104.2-114.8 110.5 9.2 7.9 17 22.9 17 46.4 0 33.7-.3 75.4-.3 83.6 0 6.5 4.6 14.4 17.3 12.1C428.2 457.8 496 362.9 496 252 496 113.3 383.5 8 244.8 8zM97.2 352.9c-1.3 1-1 3.3.7 5.2 1.6 1.6 3.9 2.3 5.2 1 1.3-1 1-3.3-.7-5.2-1.6-1.6-3.9-2.3-5.2-1zm-10.8-8.1c-.7 1.3.3 2.9 2.3 3.9 1.6 1 3.6.7 4.3-.7.7-1.3-.3-2.9-2.3-3.9-2-.6-3.6-.3-4.3.7zm32.4 35.6c-1.6 1.3-1 4.3 1.3 6.2 2.3 2.3 5.2 2.6 6.5 1 1.3-1.3.7-4.3-1.3-6.2-2.2-2.3-5.2-2.6-6.5-1zm-11.4-14.7c-1.6 1-1.6 3.6 0 5.9 1.6 2.3 4.3 3.3 5.6 2.3 1.6-1.3 1.6-3.9 0-6.2-1.4-2.3-4-3.3-5.6-2z\"><\/path><\/svg>\t\t\t\t\t<\/a>\n\t\t\t\t<\/span>\n\t\t\t\t\t\t\t<span class=\"elementor-grid-item\" role=\"listitem\">\n\t\t\t\t\t<a class=\"elementor-icon elementor-social-icon elementor-social-icon-linkedin-in elementor-repeater-item-f4e8543\" target=\"_blank\">\n\t\t\t\t\t\t<span class=\"elementor-screen-only\">Linkedin-in<\/span>\n\t\t\t\t\t\t<svg aria-hidden=\"true\" class=\"e-font-icon-svg e-fab-linkedin-in\" viewBox=\"0 0 448 512\" xmlns=\"http:\/\/www.w3.org\/2000\/svg\"><path d=\"M100.28 448H7.4V148.9h92.88zM53.79 108.1C24.09 108.1 0 83.5 0 53.8a53.79 53.79 0 0 1 107.58 0c0 29.7-24.1 54.3-53.79 54.3zM447.9 448h-92.68V302.4c0-34.7-.7-79.2-48.29-79.2-48.29 0-55.69 37.7-55.69 76.7V448h-92.78V148.9h89.08v40.8h1.3c12.4-23.5 42.69-48.3 87.88-48.3 94 0 111.28 61.9 111.28 142.3V448z\"><\/path><\/svg>\t\t\t\t\t<\/a>\n\t\t\t\t<\/span>\n\t\t\t\t\t<\/div>\n\t\t\t\t\t\t<\/div>\n\t\t\t\t<\/div>\n\t\t\t\t<div class=\"elementor-element elementor-element-27500643 elementor-invisible elementor-widget elementor-widget-text-editor\" data-id=\"27500643\" data-element_type=\"widget\" data-e-type=\"widget\" data-settings=\"{&quot;_animation&quot;:&quot;fadeInUp&quot;,&quot;_animation_delay&quot;:300}\" data-widget_type=\"text-editor.default\">\n\t\t\t\t<div class=\"elementor-widget-container\">\n\t\t\t\t\t\t\t\t\t<p><i><span style=\"font-weight: 400;\">\u201eN\u00e9ha jobban szenvedek att\u00f3l, hogy \u201em\u00e1s\u201d vagyok, mint att\u00f3l, hogy nem hallok. Arra v\u00e1gyom, hogy beleolvadhassak a t\u00f6megbe, hogy olyan legyek, mint a t\u00f6bbiek, hogy halljak, de nem a hall\u00e1s kedv\u00e9\u00e9rt, hanem csak az\u00e9rt, hogy egyike lehessek a sok n\u00e9vtelen arcnak.\u201d<\/span><\/i><\/p><p><span style=\"font-weight: 400;\">(Bonnie Poitras Tucker)<\/span><\/p><p>\u00a0<\/p><p><span style=\"font-weight: 400;\">Balogh Kata vagyok. 2003. \u00e1prilis 2.-\u00e1n sz\u00fclettem. Nagyon neh\u00e9z k\u00f6r\u00fclm\u00e9nyek k\u00f6z\u00f6tt l\u00e1ttam meg a napvil\u00e1got. A k\u00f6ld\u00f6kzsin\u00f3r h\u00e1romszor volt a nyakamra tekeredve, oxig\u00e9nhi\u00e1nyos \u00e1llapot l\u00e9pett fel n\u00e1lam, \u00fajra is kellett \u00e9leszteni. \u00c9letem els\u0151 napjait a sz\u00fcleim szeret\u0151 karjai helyett az intenz\u00edv oszt\u00e1lyon t\u00f6lt\u00f6ttem. A k\u00f3rh\u00e1zat csak k\u00e9s\u0151bb hagyhattam el, amikorra az \u00e1llapotom rendez\u0151d\u00f6tt. \u00c9letem els\u0151 3 \u00e9ve nyugodtan telt, nem sok eml\u00e9kem van abb\u00f3l az id\u0151szakb\u00f3l. <\/span><\/p><p><span style=\"font-weight: 400;\">2006. <\/span><span style=\"font-family: -apple-system, BlinkMacSystemFont, 'Segoe UI', Roboto, 'Helvetica Neue', Arial, 'Noto Sans', sans-serif, 'Apple Color Emoji', 'Segoe UI Emoji', 'Segoe UI Symbol', 'Noto Color Emoji';\">szeptember\u00e9ben kezdtem el \u00f3vod\u00e1ba j\u00e1rni, ahol a kedvenc \u00f3v\u00f3n\u00e9nimnek t\u0171nt fel, hogy nem mindig reag\u00e1lok arra, ha t\u00e1volr\u00f3l sz\u00f3lnak hozz\u00e1m, illetve sokszor nagyon hangosan besz\u00e9lek, amit jelzett \u00e9desap\u00e1mnak. Ugyanebben az \u00e9vben elvesz\u00edtettem az \u00e9desany\u00e1mat s\u00falyos betegs\u00e9g k\u00f6vetkezt\u00e9ben \u00e9s ketten maradtunk apuk\u00e1mmal. Sokszor mer\u00fclt fel bennem \u00e9letem sor\u00e1n a k\u00e9rd\u00e9s, vajon anya mit sz\u00f3lna, ha tudn\u00e1, hogy hall\u00e1ss\u00e9r\u00fclt vagyok, ugyanis \u0151 a diagn\u00f3zisomat m\u00e1r nem \u00e9rte meg. Sz\u00e9gyellene? B\u00e1tor\u00edtana? Tudna szeretni \u00edgy is? Elfogadna, vagy meg akarna \u201ejav\u00edtani\u201d? Sz\u00e1mtalanszor megfordult az a gondolat a fejemben, hogy milyen lett volna \u00fagy megk\u00fczdenem a hall\u00e1ss\u00e9r\u00fcl\u00e9semmel \u00e9s az ebb\u0151l fakad\u00f3 neh\u00e9zs\u00e9geimmel, ha anya mellettem lehetett volna.\u00a0<\/span><\/p><p><span style=\"font-weight: 400;\">2008.-ban kaptam meg az els\u0151, de nem utols\u00f3 hall\u00f3k\u00e9sz\u00fcl\u00e9kemet. Ekkor 5 \u00e9ves voltam, eml\u00e9kszem r\u00e1, mikor apuk\u00e1m el\u0151sz\u00f6r elvitt az audiol\u00f3gi\u00e1ra. Tapolcaik\u00e9nt a veszpr\u00e9mi Cholnoky Ferenc k\u00f3rh\u00e1zba vitt el apa minden \u00e9vben onnant\u00f3l fogva, egy nagyon kedves audiol\u00f3gushoz. A hall\u00e1svizsg\u00e1lat sor\u00e1n azonban, eml\u00e9kszem r\u00e1, t\u00f6bbsz\u00f6r l\u00e1ttam, hogy az audiol\u00f3gus m\u00e1r v\u00e1rja, hogy jelezzek \u00e9s fesz\u00e9lyezve \u00e9reztem magam, hogy \u00e9n m\u00e9g mindig nem jelzem, hogy hallom a kis hangokat. F\u00e9lelem t\u00f6lt\u00f6tt el, hogy komoly baj van, azonban b\u00e1rmennyire is koncentr\u00e1ltam, a magas hangtartom\u00e1nyban sosem j\u00e1rtam sikerrel.\u00a0<\/span><\/p><p><span style=\"font-weight: 400;\">Az \u00f3vod\u00e1ban \u00fagy \u00e9reztem, hogy m\u00e1s vagyok, mint a t\u00f6bbiek. M\u00e9g \u00f3vod\u00e1s koromban \u00e9desap\u00e1m elvitt a F\u0151v\u00e1rosi Pedag\u00f3giai Szakszolg\u00e1lat Hall\u00e1svizsg\u00e1l\u00f3, Gy\u00f3gypedag\u00f3giai Tan\u00e1csad\u00f3, Korai Fejleszt\u0151, Oktat\u00f3 \u00e9s Gondoz\u00f3 Tagint\u00e9zm\u00e9ny\u00e9be is. Ma m\u00e1r tudom, hogy ez a javamat szolg\u00e1lta, akkor viszont megb\u00e9lyegezve \u00e9reztem magam. Azt gondoltam, hogy bennem van a hiba, \u00fagy \u00e9reztem az ottani feladatok elv\u00e9gz\u00e9se sor\u00e1n, hogy a hall\u00e1ss\u00e9r\u00fcl\u00e9semet p\u00e1rhuzamba akarj\u00e1k \u00e1ll\u00edtani az \u00e9rtelmi k\u00e9pess\u00e9geimmel. Nagyon neh\u00e9z volt sz\u00e1momra az ott el\u0151\u00edrt szurdopedag\u00f3giai \u00e9s logop\u00e9diai foglalkoz\u00e1sokra elmennem, mivel nem szerettem a fejleszt\u00e9sekre j\u00e1rni, alacsonyabb rend\u0171nek \u00e9reztem t\u0151l\u00fck magamat. \u00d3vod\u00e1s koromban m\u00e9g egy kedves n\u00e9ni vitt el a tapolcai nevel\u00e9si tan\u00e1csad\u00f3ba, ahol a fejleszt\u00e9sek zajlottak, k\u00e9s\u0151bb iskol\u00e1s koromban viszont m\u00e1r egyed\u00fcl j\u00e1rtam ezekre az \u00f3r\u00e1kra. \u00d6sszesen 8 \u00e9vet j\u00e1rtam logop\u00e9di\u00e1ra \u00e9s valamivel kevesebbet szurdopedag\u00f3gi\u00e1ra.<\/span><\/p><p><span style=\"font-weight: 400;\">2010.-ben kezdtem el az \u00e1ltal\u00e1nos iskol\u00e1t, integr\u00e1ltan, a Tapolcai B\u00e1rdos Lajos \u00c1ltal\u00e1nos Iskol\u00e1ban zenei tagozatos oszt\u00e1lyban. Sokan mondt\u00e1k apuk\u00e1mnak, hogy meggondoland\u00f3, hogy hall\u00e1ss\u00e9r\u00fcltk\u00e9nt zenei tagozatos oszt\u00e1lyba irat be, azonban \u00e9n szerettem. 3. oszt\u00e1lyos koromt\u00f3l a Tapolcai J\u00e1rd\u00e1nyi P\u00e1l Zeneiskola tanul\u00f3ja is lettem, ahol heged\u0171re \u00e9s szolf\u00e9zsra j\u00e1rtam. 2 \u00e9vvel k\u00e9s\u0151bb a heged\u0171r\u0151l zongor\u00e1ra v\u00e1ltottam, amit 6 \u00e9ven kereszt\u00fcl tanultam, hall\u00e1ss\u00e9r\u00fcltk\u00e9nt. Az \u00e1ltal\u00e1nos iskol\u00e1s \u00e9veim alatt v\u00e9gig jeles tanul\u00f3 voltam, mivel hatalmas megfelel\u00e9si k\u00e9nyszerrel k\u00fczd\u00f6ttem. Mindig \u00fagy \u00e9reztem, hogy nekem kompenz\u00e1lnom kell a hall\u00e1s\u00e1llapotom miatt, ez\u00e9rt mindig igyekeztem a maximumot kihozni magamb\u00f3l, ami sokszor nagyon f\u00e1raszt\u00f3 \u00e9s kimer\u00edt\u0151 volt.\u00a0<\/span><\/p><p><span style=\"font-weight: 400;\">2018.-ban fejeztem be az \u00e1ltal\u00e1nos iskol\u00e1t, \u00e9s kezdtem el a tanulm\u00e1nyaimat Tapolc\u00e1n a Bats\u00e1nyi J\u00e1nos Gimn\u00e1zium \u00e9s Koll\u00e9giumban. A megfelel\u00e9si \u00e9s bizony\u00edt\u00e1si k\u00e9nyszerem itt m\u00e9g nagyobb lett, mint kor\u00e1bban. Minden tan\u00f3r\u00e1ra felk\u00e9sz\u00fcltem, fontoss\u00e1 v\u00e1lt nekem, hogy angol k\u00f6z\u00e9pfok\u00fa nyelvvizsg\u00e1t szerezzek, \u00e9s tov\u00e1bb tanuljak egyetemen. A COVID19 v\u00edrus miatt 10. oszt\u00e1ly v\u00e9g\u00e9t\u0151l 11. oszt\u00e1ly v\u00e9g\u00e9ig \u00e9rintett engem az online oktat\u00e1s, ami hall\u00e1ss\u00e9r\u00fcltk\u00e9nt nekem nagyon h\u00e1tr\u00e1nyos volt. Ett\u0151l fogva mindent magamt\u00f3l tanultam meg, a tan\u00e1ri magyar\u00e1zatok semmit sem \u00e9rtek sz\u00e1momra. 11. oszt\u00e1lyban szereztem angol B2-es nyelvvizsg\u00e1t, majd egy \u00e9vvel k\u00e9s\u0151bb 93%-os angol \u00e9retts\u00e9git \u00edrtam. A nyelvtanul\u00e1s sor\u00e1n a hallott sz\u00f6veg \u00e9rt\u00e9se okozott nekem nagy probl\u00e9m\u00e1t a hall\u00e1s\u00e1llapotomb\u00f3l kifoly\u00f3lag, mivel itt nem volt m\u00f3dom arra, hogy sz\u00e1jr\u00f3l olvassak. Sokszor hib\u00e1ztattam magamat az\u00e9rt, ami\u00e9rt nem voltam k\u00e9pes elsaj\u00e1t\u00edtani a hall\u00e1s ut\u00e1ni sz\u00f6veg\u00e9rt\u00e9st, amelyet iskolai tanulm\u00e1nyaim sor\u00e1n magn\u00f3 seg\u00edts\u00e9g\u00e9vel gyakoroltunk. Eml\u00e9kszem, m\u00e9g harmadik oszt\u00e1lyos koromban a tan\u00e1rn\u0151m a magn\u00f3hoz k\u00f6zelebb \u00fcltetett engem, azonban ez sem seg\u00edtett a sz\u00e1jr\u00f3l olvas\u00e1s hi\u00e1nya miatt. Megal\u00e1z\u00f3nak \u00e9reztem, hogy \u00e9n ott \u00fcl\u00f6k k\u00fcl\u00f6n a t\u00f6bbiekt\u0151l, \u00e9s pr\u00f3b\u00e1lnak valamit \u201ebel\u00e9m verni\u201d, de nem \u00e9rtik, hogy nekem ez nem megy \u00e9s soha nem is fog, mert hall\u00e1ss\u00e9r\u00fclt vagyok.\u00a0<\/span><\/p><p><span style=\"font-weight: 400;\">2022.-ben \u00e9retts\u00e9giztem le, a t\u00f6rt\u00e9nelmet emelt szinten teljes\u00edtettem \u00f6t\u00f6sre, \u00e9s 438 pontot szereztem az egyetemi felv\u00e9teli rendszerben. A gimn\u00e1ziumi tanulm\u00e1nyaim sor\u00e1n szembes\u00fcltem degrad\u00e1l\u00e1ssal, illetve diszkrimin\u00e1ci\u00f3val is. <\/span><\/p><p><span style=\"font-weight: 400;\">2022. <\/span><span style=\"font-family: -apple-system, BlinkMacSystemFont, 'Segoe UI', Roboto, 'Helvetica Neue', Arial, 'Noto Sans', sans-serif, 'Apple Color Emoji', 'Segoe UI Emoji', 'Segoe UI Symbol', 'Noto Color Emoji';\">szeptember\u00e9ben kezdtem meg egyetemi tanulm\u00e1nyaimat a Budapesti Gazdas\u00e1gtudom\u00e1nyi Egyetemen, akkor m\u00e9g Budapesti Gazdas\u00e1gi Egyetemen, gazd\u00e1lkod\u00e1si \u00e9s menedzsment szakon. Az egyetemen \u00faj kapuk ny\u00edltak meg el\u0151ttem. A kisv\u00e1rosi k\u00f6rnyezet helyett, ahol mindenki ismer mindenkit, a f\u0151v\u00e1rosban kezdtem \u00faj \u00e9letet. \u00c9letemben el\u0151sz\u00f6r \u00fagy \u00e9reztem, hogy \u00e9n nem a hall\u00e1ss\u00e9r\u00fclt l\u00e1ny vagyok, hanem csak egy ember, egy hallgat\u00f3 egy egyetemen. Itt csak az sz\u00e1m\u00edtott, hogyan tanulok \u00e9s milyen eredm\u00e9nyeket \u00e9rek el a z\u00e1rthelyi dolgozatokon \u00e9s a vizsg\u00e1kon. Az oktat\u00f3k nem tudt\u00e1k, hogy hall\u00e1ss\u00e9r\u00fclt vagyok, ugyanolyan hallgat\u00f3 voltam, mint a szakt\u00e1rsaim. Sz\u00e1momra ez akkora szabads\u00e1got adott, hogy el tudtam engedni a kor\u00e1bbi tanulm\u00e1nyaim sor\u00e1n \u00e1lland\u00f3an jelen l\u00e9v\u0151 megfelel\u00e9si k\u00e9nyszeremet. Az egyetemen m\u00e1r j\u00f3val a v\u00e9gz\u0151s f\u00e9l\u00e9vem el\u0151tt tal\u00e1lkoztam egy t\u00e9m\u00e1val, ami nagyon \u00e9rdekelt. Ez a t\u00e9ma a fogyat\u00e9koss\u00e1ggal \u00e9l\u0151 emberek munkaer\u0151piaci helyzete, illetve v\u00e1llalkoz\u00f3i attit\u0171djei volt.\u00a0<\/span><\/p><p><span style=\"font-weight: 400;\">2025.-ben az egyetemi tanulm\u00e1nyaim harmad\u00e9v\u00e9ben \u00fagy d\u00f6nt\u00f6ttem, hogy ezt a t\u00e9m\u00e1t a hall\u00e1ss\u00e9r\u00fcl\u00e9s szempontj\u00e1b\u00f3l szeretn\u00e9m megvizsg\u00e1lni, \u00e9s ezzel a dolgozattal indultam a BGE Tudom\u00e1nyos Di\u00e1kk\u00f6ri Konferenci\u00e1j\u00e1n. Erre a konferenci\u00e1ra beny\u00fajtottam a dolgozatomat melynek a k\u00f6vetkez\u0151 c\u00edmet adtam: \u201eA csend ereje: Hall\u00e1ss\u00e9r\u00fclt emberek \u00e9s a v\u00e1llalkoz\u00f3v\u00e1 v\u00e1l\u00e1s\u201d. Ezzel a dolgozattal 2025. november\u00e9ben 1. helyez\u00e9st \u00e9rtem el a TDK-n \u00e9s jel\u00f6l\u00e9st kaptam az Orsz\u00e1gos Tudom\u00e1nyos Di\u00e1kk\u00f6ri Konferenci\u00e1ra, mely 2027.-ben ker\u00fcl majd megrendez\u00e9sre. Ekkor a kor\u00e1bbi nyomaszt\u00f3 \u00e9rz\u00e9seimet b\u00fcszkes\u00e9g v\u00e1ltotta fel. El\u00e9rtem azt, hogy a hall\u00e1ss\u00e9r\u00fcl\u00e9sem, ami miatt eg\u00e9sz \u00e9letemben megb\u00e9lyegezve \u00e9reztem magam, hirtelen a b\u00fcszkes\u00e9gemm\u00e9 v\u00e1lt. M\u00e1r azt gondoltam: \u201e\u00c9n \u00edgy is k\u00e9pes vagyok el\u00e9rni nagy dolgokat.\u201d A bels\u0151 v\u00e1ltoz\u00e1s azonban nem a gy\u0151zelemnek k\u00f6sz\u00f6nhet\u0151, hanem annak, hogy l\u00e1ttam a zs\u0171rin \u00e9s a hallgat\u00f3s\u00e1gon, hogy ez a t\u00e9ma \u00e9rdekli \u0151ket, olyannyira, hogy t\u00f6bben t\u00f6bb k\u00e9rd\u00e9st is megfogalmaztak fel\u00e9m, \u00e9s volt, aki ut\u00f3lag keresett meg a konzulensemen kereszt\u00fcl arra hivatkozva, hogy a bar\u00e1tn\u0151je hallotta az el\u0151ad\u00e1somat a konferenci\u00e1n \u00e9s szeretne r\u00f3la besz\u00e9lgetni velem. Megfogalmaz\u00f3dott bennem, hogy az \u00e9rz\u00e9kszervi fogyat\u00e9koss\u00e1gomat nem szeretn\u00e9m t\u00f6bb\u00e9 sz\u00e9gyellni. Innent\u0151l fogva seg\u00edteni szerettem volna m\u00e1sokon, inspir\u00e1lni szerettem volna sorst\u00e1rsaimat, mert \u00fagy gondolom, hogy amit \u00e9n el\u00e9rtem, arra m\u00e1s is k\u00e9pes lehet.\u00a0<\/span><\/p><p><span style=\"font-weight: 400;\">Ek\u00f6zben \u00fajabb lehet\u0151s\u00e9gek j\u00f6ttek velem szembe. Egy hall\u00e1ss\u00e9r\u00fclt egyes\u00fclet eln\u00f6ke megh\u00edvott, hogy tartsak a tagoknak \u00e9s a t\u00e9ma ir\u00e1nt \u00e9rdekl\u0151d\u0151knek el\u0151ad\u00e1st a TDK munk\u00e1mb\u00f3l, melyet \u00f6r\u00f6mmel fogadtam el. \u00dagy gondoltam, hogy ez egy j\u00f3 lehet\u0151s\u00e9g sz\u00e1momra, hogy hall\u00e1ss\u00e9r\u00fclt sorst\u00e1rsaimnak rem\u00e9nyt adjak, \u00e9s motiv\u00e1ljam \u0151ket.<\/span><\/p><p><span style=\"font-weight: 400;\"> 2026. <\/span><span style=\"font-family: -apple-system, BlinkMacSystemFont, 'Segoe UI', Roboto, 'Helvetica Neue', Arial, 'Noto Sans', sans-serif, 'Apple Color Emoji', 'Segoe UI Emoji', 'Segoe UI Symbol', 'Noto Color Emoji';\">janu\u00e1rj\u00e1ban lediplom\u00e1ztam, k\u00f6zgazd\u00e1sz lettem. Az el\u0151ad\u00e1st, melyre a felk\u00e9r\u00e9st kaptam, 2026. febru\u00e1r 9.-\u00e9n tartottam meg az Aranyt\u00edz Kult\u00farh\u00e1zban, j\u00f3t\u00e9konys\u00e1gi alapon. Az el\u0151ad\u00e1sr\u00f3l felv\u00e9tel is k\u00e9sz\u00fclt, mely el\u00e9rhet\u0151 a facebookon t\u00f6bb hall\u00e1ss\u00e9r\u00fcl\u00e9ssel kapcsolatos csoportban.\u00a0<\/span><\/p><p><span style=\"font-weight: 400;\">A j\u00f6v\u0151ben pszichol\u00f3gia szakon szeretn\u00e9k tov\u00e1bbi tanulm\u00e1nyokat folytatni, a k\u00e9pz\u00e9sre a jelentkez\u00e9semet beadtam. Rem\u00e9lem, hogy fogok tudni seg\u00edteni fogyat\u00e9koss\u00e1ggal \u00e9l\u0151k\u00f6n, hall\u00e1ss\u00e9r\u00fclteken, hogy k\u00e9pesek legyenek elfogadni \u00f6nmagukat, \u00e9s s\u00e9r\u00fcl\u00e9s\u00fckh\u00f6z m\u00e9rten teljes \u00e9letet tudjanak \u00e9lni. Szeretn\u00e9k j\u00f3t\u00e9konykodni is, \u00e9s lehet\u0151s\u00e9geimhez m\u00e9rten t\u00e1mogatni a hall\u00e1ss\u00e9r\u00fclt k\u00f6z\u00f6ss\u00e9g tagjait. Fontosnak tartom a hall\u00e1ss\u00e9r\u00fcl\u00e9s eduk\u00e1ci\u00f3j\u00e1t, hogy min\u00e9l t\u00f6bb ember tiszt\u00e1ban legyen azzal, hogy ez a l\u00e1thatatlan fogyat\u00e9koss\u00e1g milyen sz\u00e9les sk\u00e1l\u00e1n helyezkedik el, \u00e9s mik\u00e9pp tudn\u00e1nak seg\u00edts\u00e9get ny\u00fajtani sz\u00e1munkra.\u00a0<\/span><\/p><p><span style=\"font-weight: 400;\">Ma m\u00e1r nem hi\u00e1nyk\u00e9nt tekintek a hall\u00e1ss\u00e9r\u00fcl\u00e9semre, hanem az \u00f6nazonoss\u00e1gom r\u00e9szek\u00e9nt. Nem teljes csendben \u00e9lek, de megtanultam m\u00e1sk\u00e9pp figyelni a vil\u00e1gra \u00e9s az emberekre. A hall\u00e1ss\u00e9r\u00fcl\u00e9sem al\u00e1zatra \u00e9s elfogad\u00e1sra tan\u00edtott, \u00e9s ezt az \u00e9rt\u00e9ket szeretn\u00e9m k\u00e9pviselni most \u00e9s a j\u00f6v\u0151ben is.\u00a0<\/span><\/p>\t\t\t\t\t\t\t\t<\/div>\n\t\t\t\t<\/div>\n\t\t\t\t<div class=\"elementor-element elementor-element-1ae15c99 elementor-align-left elementor-widget elementor-widget-elementskit-button\" data-id=\"1ae15c99\" data-element_type=\"widget\" data-e-type=\"widget\" data-widget_type=\"elementskit-button.default\">\n\t\t\t\t<div class=\"elementor-widget-container\">\n\t\t\t\t\t<div class=\"ekit-wid-con\" >\t\t<div class=\"ekit-btn-wraper\">\n\t\t\t\t\t\t\t<a href=\"https:\/\/hallasvilagnapja.hu\/hvn\/?page_id=1002\" class=\"elementskit-btn  whitespace--normal\" id=\"\">\n\t\t\t\t\tVissza a jel\u00f6ltekhez\t\t\t\t<\/a>\n\t\t\t\t\t<\/div>\n        <\/div>\t\t\t\t<\/div>\n\t\t\t\t<\/div>\n\t\t\t\t<div class=\"elementor-element elementor-element-2c1a13f2 elementor-widget-divider--view-line elementor-invisible elementor-widget elementor-widget-divider\" data-id=\"2c1a13f2\" data-element_type=\"widget\" data-e-type=\"widget\" data-settings=\"{&quot;_animation&quot;:&quot;fadeInUp&quot;}\" data-widget_type=\"divider.default\">\n\t\t\t\t<div class=\"elementor-widget-container\">\n\t\t\t\t\t\t\t<div class=\"elementor-divider\">\n\t\t\t<span class=\"elementor-divider-separator\">\n\t\t\t\t\t\t<\/span>\n\t\t<\/div>\n\t\t\t\t\t\t<\/div>\n\t\t\t\t<\/div>\n\t\t\t\t\t<\/div>\n\t\t<\/div>\n\t\t\t\t\t<\/div>\n\t\t<\/div>\n\t\t\t\t<\/div>\n\t\t","protected":false},"excerpt":{"rendered":"<p>nap \u00f3ra perc m\u00e1sodperc Ott leszek \u00e9n is! Balogh Kata A csend ereje: A sz\u00e9gyent\u0151l az \u00f6nazonoss\u00e1gig Facebook-f Twitter Google-plus-g Github Linkedin-in \u201eN\u00e9ha jobban szenvedek att\u00f3l, hogy \u201em\u00e1s\u201d vagyok, mint att\u00f3l, hogy nem hallok. Arra v\u00e1gyom, hogy beleolvadhassak a t\u00f6megbe, hogy olyan legyek, mint a t\u00f6bbiek, hogy halljak, de nem a hall\u00e1s kedv\u00e9\u00e9rt, hanem csak [&hellip;]<\/p>\n","protected":false},"author":2,"featured_media":0,"comment_status":"closed","ping_status":"open","sticky":false,"template":"","format":"standard","meta":{"footnotes":""},"categories":[1],"tags":[],"class_list":["post-1241","post","type-post","status-publish","format-standard","hentry","category-uncategorized"],"yoast_head":"<!-- This site is optimized with the Yoast SEO Premium plugin v27.4 (Yoast SEO v27.4) - https:\/\/yoast.com\/product\/yoast-seo-premium-wordpress\/ -->\n<title>Balogh Kata - Hall\u00e1s Vil\u00e1gnapja<\/title>\n<meta name=\"robots\" content=\"index, follow, max-snippet:-1, max-image-preview:large, max-video-preview:-1\" \/>\n<link rel=\"canonical\" href=\"https:\/\/hallasvilagnapja.hu\/hvn\/balogh-kata\/\" \/>\n<meta property=\"og:locale\" content=\"hu_HU\" \/>\n<meta property=\"og:type\" content=\"article\" \/>\n<meta property=\"og:title\" content=\"Balogh Kata\" \/>\n<meta property=\"og:description\" content=\"nap \u00f3ra perc m\u00e1sodperc Ott leszek \u00e9n is! Balogh Kata A csend ereje: A sz\u00e9gyent\u0151l az \u00f6nazonoss\u00e1gig Facebook-f Twitter Google-plus-g Github Linkedin-in \u201eN\u00e9ha jobban szenvedek att\u00f3l, hogy \u201em\u00e1s\u201d vagyok, mint att\u00f3l, hogy nem hallok. Arra v\u00e1gyom, hogy beleolvadhassak a t\u00f6megbe, hogy olyan legyek, mint a t\u00f6bbiek, hogy halljak, de nem a hall\u00e1s kedv\u00e9\u00e9rt, hanem csak [&hellip;]\" \/>\n<meta property=\"og:url\" content=\"https:\/\/hallasvilagnapja.hu\/hvn\/balogh-kata\/\" \/>\n<meta property=\"og:site_name\" content=\"Hall\u00e1s Vil\u00e1gnapja\" \/>\n<meta property=\"article:published_time\" content=\"2026-03-03T12:52:51+00:00\" \/>\n<meta property=\"article:modified_time\" content=\"2026-03-05T17:38:00+00:00\" \/>\n<meta property=\"og:image\" content=\"https:\/\/hallasvilagnapja.hu\/hvn\/wp-content\/uploads\/2025\/01\/Hallas-vilagnapja-logo-e1738154213707.png\" \/>\n\t<meta property=\"og:image:width\" content=\"100\" \/>\n\t<meta property=\"og:image:height\" content=\"100\" \/>\n\t<meta property=\"og:image:type\" content=\"image\/png\" \/>\n<meta name=\"author\" content=\"V\u00e1mos Evelin\" \/>\n<meta name=\"twitter:card\" content=\"summary_large_image\" \/>\n<meta name=\"twitter:label1\" content=\"Szerz\u0151:\" \/>\n\t<meta name=\"twitter:data1\" content=\"V\u00e1mos Evelin\" \/>\n\t<meta name=\"twitter:label2\" content=\"Becs\u00fclt olvas\u00e1si id\u0151\" \/>\n\t<meta name=\"twitter:data2\" content=\"8 perc\" \/>\n<script type=\"application\/ld+json\" class=\"yoast-schema-graph\">{\"@context\":\"https:\\\/\\\/schema.org\",\"@graph\":[{\"@type\":\"Article\",\"@id\":\"https:\\\/\\\/hallasvilagnapja.hu\\\/hvn\\\/balogh-kata\\\/#article\",\"isPartOf\":{\"@id\":\"https:\\\/\\\/hallasvilagnapja.hu\\\/hvn\\\/balogh-kata\\\/\"},\"author\":{\"name\":\"V\u00e1mos Evelin\",\"@id\":\"https:\\\/\\\/hallasvilagnapja.hu\\\/hvn\\\/#\\\/schema\\\/person\\\/43586b0fd71b8fdbd4296b1c8ca58f0f\"},\"headline\":\"Balogh Kata\",\"datePublished\":\"2026-03-03T12:52:51+00:00\",\"dateModified\":\"2026-03-05T17:38:00+00:00\",\"mainEntityOfPage\":{\"@id\":\"https:\\\/\\\/hallasvilagnapja.hu\\\/hvn\\\/balogh-kata\\\/\"},\"wordCount\":1909,\"publisher\":{\"@id\":\"https:\\\/\\\/hallasvilagnapja.hu\\\/hvn\\\/#organization\"},\"image\":{\"@id\":\"https:\\\/\\\/hallasvilagnapja.hu\\\/hvn\\\/balogh-kata\\\/#primaryimage\"},\"thumbnailUrl\":\"https:\\\/\\\/hallasvilagnapja.hu\\\/hvn\\\/wp-content\\\/uploads\\\/2025\\\/01\\\/Hallas-vilagnapja-logo-e1738154213707.png\",\"articleSection\":[\"Uncategorized\"],\"inLanguage\":\"hu\"},{\"@type\":\"WebPage\",\"@id\":\"https:\\\/\\\/hallasvilagnapja.hu\\\/hvn\\\/balogh-kata\\\/\",\"url\":\"https:\\\/\\\/hallasvilagnapja.hu\\\/hvn\\\/balogh-kata\\\/\",\"name\":\"Balogh Kata - Hall\u00e1s Vil\u00e1gnapja\",\"isPartOf\":{\"@id\":\"https:\\\/\\\/hallasvilagnapja.hu\\\/hvn\\\/#website\"},\"primaryImageOfPage\":{\"@id\":\"https:\\\/\\\/hallasvilagnapja.hu\\\/hvn\\\/balogh-kata\\\/#primaryimage\"},\"image\":{\"@id\":\"https:\\\/\\\/hallasvilagnapja.hu\\\/hvn\\\/balogh-kata\\\/#primaryimage\"},\"thumbnailUrl\":\"https:\\\/\\\/hallasvilagnapja.hu\\\/hvn\\\/wp-content\\\/uploads\\\/2025\\\/01\\\/Hallas-vilagnapja-logo-e1738154213707.png\",\"datePublished\":\"2026-03-03T12:52:51+00:00\",\"dateModified\":\"2026-03-05T17:38:00+00:00\",\"breadcrumb\":{\"@id\":\"https:\\\/\\\/hallasvilagnapja.hu\\\/hvn\\\/balogh-kata\\\/#breadcrumb\"},\"inLanguage\":\"hu\",\"potentialAction\":[{\"@type\":\"ReadAction\",\"target\":[\"https:\\\/\\\/hallasvilagnapja.hu\\\/hvn\\\/balogh-kata\\\/\"]}]},{\"@type\":\"ImageObject\",\"inLanguage\":\"hu\",\"@id\":\"https:\\\/\\\/hallasvilagnapja.hu\\\/hvn\\\/balogh-kata\\\/#primaryimage\",\"url\":\"https:\\\/\\\/hallasvilagnapja.hu\\\/hvn\\\/wp-content\\\/uploads\\\/2025\\\/01\\\/Hallas-vilagnapja-logo-e1738154213707.png\",\"contentUrl\":\"https:\\\/\\\/hallasvilagnapja.hu\\\/hvn\\\/wp-content\\\/uploads\\\/2025\\\/01\\\/Hallas-vilagnapja-logo-e1738154213707.png\",\"width\":100,\"height\":100},{\"@type\":\"BreadcrumbList\",\"@id\":\"https:\\\/\\\/hallasvilagnapja.hu\\\/hvn\\\/balogh-kata\\\/#breadcrumb\",\"itemListElement\":[{\"@type\":\"ListItem\",\"position\":1,\"name\":\"Home\",\"item\":\"https:\\\/\\\/hallasvilagnapja.hu\\\/hvn\\\/\"},{\"@type\":\"ListItem\",\"position\":2,\"name\":\"Balogh Kata\"}]},{\"@type\":\"WebSite\",\"@id\":\"https:\\\/\\\/hallasvilagnapja.hu\\\/hvn\\\/#website\",\"url\":\"https:\\\/\\\/hallasvilagnapja.hu\\\/hvn\\\/\",\"name\":\"Hall\u00e1s Vil\u00e1gnapja\",\"description\":\"Legyen a f\u00fcl- \u00e9s hall\u00e1sgondoz\u00e1s  mindenki sz\u00e1m\u00e1ra val\u00f3s\u00e1g!\",\"publisher\":{\"@id\":\"https:\\\/\\\/hallasvilagnapja.hu\\\/hvn\\\/#organization\"},\"potentialAction\":[{\"@type\":\"SearchAction\",\"target\":{\"@type\":\"EntryPoint\",\"urlTemplate\":\"https:\\\/\\\/hallasvilagnapja.hu\\\/hvn\\\/?s={search_term_string}\"},\"query-input\":{\"@type\":\"PropertyValueSpecification\",\"valueRequired\":true,\"valueName\":\"search_term_string\"}}],\"inLanguage\":\"hu\"},{\"@type\":\"Organization\",\"@id\":\"https:\\\/\\\/hallasvilagnapja.hu\\\/hvn\\\/#organization\",\"name\":\"Hall\u00e1s Vil\u00e1gnapja\",\"url\":\"https:\\\/\\\/hallasvilagnapja.hu\\\/hvn\\\/\",\"logo\":{\"@type\":\"ImageObject\",\"inLanguage\":\"hu\",\"@id\":\"https:\\\/\\\/hallasvilagnapja.hu\\\/hvn\\\/#\\\/schema\\\/logo\\\/image\\\/\",\"url\":\"https:\\\/\\\/hallasvilagnapja.hu\\\/hvn\\\/wp-content\\\/uploads\\\/2025\\\/01\\\/cropped-cropped-Hallas-vilagnapja-logo.png\",\"contentUrl\":\"https:\\\/\\\/hallasvilagnapja.hu\\\/hvn\\\/wp-content\\\/uploads\\\/2025\\\/01\\\/cropped-cropped-Hallas-vilagnapja-logo.png\",\"width\":800,\"height\":800,\"caption\":\"Hall\u00e1s Vil\u00e1gnapja\"},\"image\":{\"@id\":\"https:\\\/\\\/hallasvilagnapja.hu\\\/hvn\\\/#\\\/schema\\\/logo\\\/image\\\/\"}},{\"@type\":\"Person\",\"@id\":\"https:\\\/\\\/hallasvilagnapja.hu\\\/hvn\\\/#\\\/schema\\\/person\\\/43586b0fd71b8fdbd4296b1c8ca58f0f\",\"name\":\"V\u00e1mos Evelin\",\"image\":{\"@type\":\"ImageObject\",\"inLanguage\":\"hu\",\"@id\":\"https:\\\/\\\/secure.gravatar.com\\\/avatar\\\/8f5d3ee5093f1f2b2b441a8eb2be9152442f2de2e45e6767f0811c9c42422800?s=96&d=mm&r=g\",\"url\":\"https:\\\/\\\/secure.gravatar.com\\\/avatar\\\/8f5d3ee5093f1f2b2b441a8eb2be9152442f2de2e45e6767f0811c9c42422800?s=96&d=mm&r=g\",\"contentUrl\":\"https:\\\/\\\/secure.gravatar.com\\\/avatar\\\/8f5d3ee5093f1f2b2b441a8eb2be9152442f2de2e45e6767f0811c9c42422800?s=96&d=mm&r=g\",\"caption\":\"V\u00e1mos Evelin\"},\"url\":\"https:\\\/\\\/hallasvilagnapja.hu\\\/hvn\\\/author\\\/evelin\\\/\"}]}<\/script>\n<!-- \/ Yoast SEO Premium plugin. -->","yoast_head_json":{"title":"Balogh Kata - Hall\u00e1s Vil\u00e1gnapja","robots":{"index":"index","follow":"follow","max-snippet":"max-snippet:-1","max-image-preview":"max-image-preview:large","max-video-preview":"max-video-preview:-1"},"canonical":"https:\/\/hallasvilagnapja.hu\/hvn\/balogh-kata\/","og_locale":"hu_HU","og_type":"article","og_title":"Balogh Kata","og_description":"nap \u00f3ra perc m\u00e1sodperc Ott leszek \u00e9n is! Balogh Kata A csend ereje: A sz\u00e9gyent\u0151l az \u00f6nazonoss\u00e1gig Facebook-f Twitter Google-plus-g Github Linkedin-in \u201eN\u00e9ha jobban szenvedek att\u00f3l, hogy \u201em\u00e1s\u201d vagyok, mint att\u00f3l, hogy nem hallok. Arra v\u00e1gyom, hogy beleolvadhassak a t\u00f6megbe, hogy olyan legyek, mint a t\u00f6bbiek, hogy halljak, de nem a hall\u00e1s kedv\u00e9\u00e9rt, hanem csak [&hellip;]","og_url":"https:\/\/hallasvilagnapja.hu\/hvn\/balogh-kata\/","og_site_name":"Hall\u00e1s Vil\u00e1gnapja","article_published_time":"2026-03-03T12:52:51+00:00","article_modified_time":"2026-03-05T17:38:00+00:00","og_image":[{"width":100,"height":100,"url":"https:\/\/hallasvilagnapja.hu\/hvn\/wp-content\/uploads\/2025\/01\/Hallas-vilagnapja-logo-e1738154213707.png","type":"image\/png"}],"author":"V\u00e1mos Evelin","twitter_card":"summary_large_image","twitter_misc":{"Szerz\u0151:":"V\u00e1mos Evelin","Becs\u00fclt olvas\u00e1si id\u0151":"8 perc"},"schema":{"@context":"https:\/\/schema.org","@graph":[{"@type":"Article","@id":"https:\/\/hallasvilagnapja.hu\/hvn\/balogh-kata\/#article","isPartOf":{"@id":"https:\/\/hallasvilagnapja.hu\/hvn\/balogh-kata\/"},"author":{"name":"V\u00e1mos Evelin","@id":"https:\/\/hallasvilagnapja.hu\/hvn\/#\/schema\/person\/43586b0fd71b8fdbd4296b1c8ca58f0f"},"headline":"Balogh Kata","datePublished":"2026-03-03T12:52:51+00:00","dateModified":"2026-03-05T17:38:00+00:00","mainEntityOfPage":{"@id":"https:\/\/hallasvilagnapja.hu\/hvn\/balogh-kata\/"},"wordCount":1909,"publisher":{"@id":"https:\/\/hallasvilagnapja.hu\/hvn\/#organization"},"image":{"@id":"https:\/\/hallasvilagnapja.hu\/hvn\/balogh-kata\/#primaryimage"},"thumbnailUrl":"https:\/\/hallasvilagnapja.hu\/hvn\/wp-content\/uploads\/2025\/01\/Hallas-vilagnapja-logo-e1738154213707.png","articleSection":["Uncategorized"],"inLanguage":"hu"},{"@type":"WebPage","@id":"https:\/\/hallasvilagnapja.hu\/hvn\/balogh-kata\/","url":"https:\/\/hallasvilagnapja.hu\/hvn\/balogh-kata\/","name":"Balogh Kata - Hall\u00e1s Vil\u00e1gnapja","isPartOf":{"@id":"https:\/\/hallasvilagnapja.hu\/hvn\/#website"},"primaryImageOfPage":{"@id":"https:\/\/hallasvilagnapja.hu\/hvn\/balogh-kata\/#primaryimage"},"image":{"@id":"https:\/\/hallasvilagnapja.hu\/hvn\/balogh-kata\/#primaryimage"},"thumbnailUrl":"https:\/\/hallasvilagnapja.hu\/hvn\/wp-content\/uploads\/2025\/01\/Hallas-vilagnapja-logo-e1738154213707.png","datePublished":"2026-03-03T12:52:51+00:00","dateModified":"2026-03-05T17:38:00+00:00","breadcrumb":{"@id":"https:\/\/hallasvilagnapja.hu\/hvn\/balogh-kata\/#breadcrumb"},"inLanguage":"hu","potentialAction":[{"@type":"ReadAction","target":["https:\/\/hallasvilagnapja.hu\/hvn\/balogh-kata\/"]}]},{"@type":"ImageObject","inLanguage":"hu","@id":"https:\/\/hallasvilagnapja.hu\/hvn\/balogh-kata\/#primaryimage","url":"https:\/\/hallasvilagnapja.hu\/hvn\/wp-content\/uploads\/2025\/01\/Hallas-vilagnapja-logo-e1738154213707.png","contentUrl":"https:\/\/hallasvilagnapja.hu\/hvn\/wp-content\/uploads\/2025\/01\/Hallas-vilagnapja-logo-e1738154213707.png","width":100,"height":100},{"@type":"BreadcrumbList","@id":"https:\/\/hallasvilagnapja.hu\/hvn\/balogh-kata\/#breadcrumb","itemListElement":[{"@type":"ListItem","position":1,"name":"Home","item":"https:\/\/hallasvilagnapja.hu\/hvn\/"},{"@type":"ListItem","position":2,"name":"Balogh Kata"}]},{"@type":"WebSite","@id":"https:\/\/hallasvilagnapja.hu\/hvn\/#website","url":"https:\/\/hallasvilagnapja.hu\/hvn\/","name":"Hall\u00e1s Vil\u00e1gnapja","description":"Legyen a f\u00fcl- \u00e9s hall\u00e1sgondoz\u00e1s  mindenki sz\u00e1m\u00e1ra val\u00f3s\u00e1g!","publisher":{"@id":"https:\/\/hallasvilagnapja.hu\/hvn\/#organization"},"potentialAction":[{"@type":"SearchAction","target":{"@type":"EntryPoint","urlTemplate":"https:\/\/hallasvilagnapja.hu\/hvn\/?s={search_term_string}"},"query-input":{"@type":"PropertyValueSpecification","valueRequired":true,"valueName":"search_term_string"}}],"inLanguage":"hu"},{"@type":"Organization","@id":"https:\/\/hallasvilagnapja.hu\/hvn\/#organization","name":"Hall\u00e1s Vil\u00e1gnapja","url":"https:\/\/hallasvilagnapja.hu\/hvn\/","logo":{"@type":"ImageObject","inLanguage":"hu","@id":"https:\/\/hallasvilagnapja.hu\/hvn\/#\/schema\/logo\/image\/","url":"https:\/\/hallasvilagnapja.hu\/hvn\/wp-content\/uploads\/2025\/01\/cropped-cropped-Hallas-vilagnapja-logo.png","contentUrl":"https:\/\/hallasvilagnapja.hu\/hvn\/wp-content\/uploads\/2025\/01\/cropped-cropped-Hallas-vilagnapja-logo.png","width":800,"height":800,"caption":"Hall\u00e1s Vil\u00e1gnapja"},"image":{"@id":"https:\/\/hallasvilagnapja.hu\/hvn\/#\/schema\/logo\/image\/"}},{"@type":"Person","@id":"https:\/\/hallasvilagnapja.hu\/hvn\/#\/schema\/person\/43586b0fd71b8fdbd4296b1c8ca58f0f","name":"V\u00e1mos Evelin","image":{"@type":"ImageObject","inLanguage":"hu","@id":"https:\/\/secure.gravatar.com\/avatar\/8f5d3ee5093f1f2b2b441a8eb2be9152442f2de2e45e6767f0811c9c42422800?s=96&d=mm&r=g","url":"https:\/\/secure.gravatar.com\/avatar\/8f5d3ee5093f1f2b2b441a8eb2be9152442f2de2e45e6767f0811c9c42422800?s=96&d=mm&r=g","contentUrl":"https:\/\/secure.gravatar.com\/avatar\/8f5d3ee5093f1f2b2b441a8eb2be9152442f2de2e45e6767f0811c9c42422800?s=96&d=mm&r=g","caption":"V\u00e1mos Evelin"},"url":"https:\/\/hallasvilagnapja.hu\/hvn\/author\/evelin\/"}]}},"_links":{"self":[{"href":"https:\/\/hallasvilagnapja.hu\/hvn\/wp-json\/wp\/v2\/posts\/1241","targetHints":{"allow":["GET"]}}],"collection":[{"href":"https:\/\/hallasvilagnapja.hu\/hvn\/wp-json\/wp\/v2\/posts"}],"about":[{"href":"https:\/\/hallasvilagnapja.hu\/hvn\/wp-json\/wp\/v2\/types\/post"}],"author":[{"embeddable":true,"href":"https:\/\/hallasvilagnapja.hu\/hvn\/wp-json\/wp\/v2\/users\/2"}],"replies":[{"embeddable":true,"href":"https:\/\/hallasvilagnapja.hu\/hvn\/wp-json\/wp\/v2\/comments?post=1241"}],"version-history":[{"count":13,"href":"https:\/\/hallasvilagnapja.hu\/hvn\/wp-json\/wp\/v2\/posts\/1241\/revisions"}],"predecessor-version":[{"id":1669,"href":"https:\/\/hallasvilagnapja.hu\/hvn\/wp-json\/wp\/v2\/posts\/1241\/revisions\/1669"}],"wp:attachment":[{"href":"https:\/\/hallasvilagnapja.hu\/hvn\/wp-json\/wp\/v2\/media?parent=1241"}],"wp:term":[{"taxonomy":"category","embeddable":true,"href":"https:\/\/hallasvilagnapja.hu\/hvn\/wp-json\/wp\/v2\/categories?post=1241"},{"taxonomy":"post_tag","embeddable":true,"href":"https:\/\/hallasvilagnapja.hu\/hvn\/wp-json\/wp\/v2\/tags?post=1241"}],"curies":[{"name":"wp","href":"https:\/\/api.w.org\/{rel}","templated":true}]}}