{"id":1287,"date":"2026-03-03T14:24:09","date_gmt":"2026-03-03T13:24:09","guid":{"rendered":"https:\/\/hallasvilagnapja.hu\/hvn\/?p=1287"},"modified":"2026-03-05T18:42:10","modified_gmt":"2026-03-05T17:42:10","slug":"koszegi-kincso","status":"publish","type":"post","link":"https:\/\/hallasvilagnapja.hu\/hvn\/koszegi-kincso\/","title":{"rendered":"Ko\u030bszegi Kincso\u030b"},"content":{"rendered":"\t\t<div data-elementor-type=\"wp-post\" data-elementor-id=\"1287\" class=\"elementor elementor-1287\" data-elementor-post-type=\"post\">\n\t\t\t\t<div class=\"elementor-element elementor-element-1f614f5f e-flex e-con-boxed e-con e-parent\" data-id=\"1f614f5f\" data-element_type=\"container\" data-e-type=\"container\">\n\t\t\t\t\t<div class=\"e-con-inner\">\n\t\t<div class=\"elementor-element elementor-element-38bb3344 e-con-full e-flex e-con e-child\" data-id=\"38bb3344\" data-element_type=\"container\" data-e-type=\"container\">\n\t\t\t\t<div class=\"elementor-element elementor-element-6be984c4 elementor-widget elementor-widget-image\" data-id=\"6be984c4\" data-element_type=\"widget\" data-e-type=\"widget\" data-widget_type=\"image.default\">\n\t\t\t\t<div class=\"elementor-widget-container\">\n\t\t\t\t\t\t\t\t\t\t\t\t\t\t\t<img decoding=\"async\" width=\"100\" height=\"100\" src=\"https:\/\/hallasvilagnapja.hu\/hvn\/wp-content\/uploads\/2025\/01\/Hallas-vilagnapja-logo-e1738154213707.png\" class=\"attachment-large size-large wp-image-71\" alt=\"\" \/>\t\t\t\t\t\t\t\t\t\t\t\t\t\t\t<\/div>\n\t\t\t\t<\/div>\n\t\t\t\t<\/div>\n\t\t<div class=\"elementor-element elementor-element-70b149d9 e-con-full e-flex e-con e-child\" data-id=\"70b149d9\" data-element_type=\"container\" data-e-type=\"container\">\n\t\t\t\t<div class=\"elementor-element elementor-element-6ef2278b elementor-countdown--label-block elementor-widget elementor-widget-countdown\" data-id=\"6ef2278b\" data-element_type=\"widget\" data-e-type=\"widget\" data-widget_type=\"countdown.default\">\n\t\t\t\t<div class=\"elementor-widget-container\">\n\t\t\t\t\t\t\t<div data-expire-actions=\"[{&quot;type&quot;:&quot;hide&quot;}]\" class=\"elementor-countdown-wrapper\" data-date=\"1772874000\">\n\t\t\t<div class=\"elementor-countdown-item\"><span class=\"elementor-countdown-digits elementor-countdown-days\"><\/span> <span class=\"elementor-countdown-label\">nap<\/span><\/div><div class=\"elementor-countdown-item\"><span class=\"elementor-countdown-digits elementor-countdown-hours\"><\/span> <span class=\"elementor-countdown-label\">\u00f3ra<\/span><\/div><div class=\"elementor-countdown-item\"><span class=\"elementor-countdown-digits elementor-countdown-minutes\"><\/span> <span class=\"elementor-countdown-label\">perc<\/span><\/div><div class=\"elementor-countdown-item\"><span class=\"elementor-countdown-digits elementor-countdown-seconds\"><\/span> <span class=\"elementor-countdown-label\">m\u00e1sodperc<\/span><\/div>\t\t<\/div>\n\t\t\t\t\t\t<\/div>\n\t\t\t\t<\/div>\n\t\t\t\t<\/div>\n\t\t\t\t\t<\/div>\n\t\t\t\t<\/div>\n\t\t\t\t<section class=\"elementor-section elementor-top-section elementor-element elementor-element-52651a5f elementor-section-boxed elementor-section-height-default elementor-section-height-default\" data-id=\"52651a5f\" data-element_type=\"section\" data-e-type=\"section\" data-settings=\"{&quot;background_background&quot;:&quot;classic&quot;}\">\n\t\t\t\t\t\t<div class=\"elementor-container elementor-column-gap-default\">\n\t\t\t\t\t<div class=\"elementor-column elementor-col-50 elementor-top-column elementor-element elementor-element-30363ced\" data-id=\"30363ced\" data-element_type=\"column\" data-e-type=\"column\">\n\t\t\t<div class=\"elementor-widget-wrap elementor-element-populated\">\n\t\t\t\t\t\t<div class=\"elementor-element elementor-element-1ecf98b5 elementor-nav-menu__align-start elementor-widget__width-initial elementor-nav-menu--dropdown-tablet elementor-nav-menu__text-align-aside elementor-nav-menu--toggle elementor-nav-menu--burger elementor-widget elementor-widget-nav-menu\" data-id=\"1ecf98b5\" data-element_type=\"widget\" data-e-type=\"widget\" data-settings=\"{&quot;submenu_icon&quot;:{&quot;value&quot;:&quot;&lt;svg aria-hidden=\\&quot;true\\&quot; class=\\&quot;fa-svg-chevron-down e-font-icon-svg e-fas-chevron-down\\&quot; viewBox=\\&quot;0 0 448 512\\&quot; xmlns=\\&quot;http:\\\/\\\/www.w3.org\\\/2000\\\/svg\\&quot;&gt;&lt;path d=\\&quot;M207.029 381.476L12.686 187.132c-9.373-9.373-9.373-24.569 0-33.941l22.667-22.667c9.357-9.357 24.522-9.375 33.901-.04L224 284.505l154.745-154.021c9.379-9.335 24.544-9.317 33.901.04l22.667 22.667c9.373 9.373 9.373 24.569 0 33.941L240.971 381.476c-9.373 9.372-24.569 9.372-33.942 0z\\&quot;&gt;&lt;\\\/path&gt;&lt;\\\/svg&gt;&quot;,&quot;library&quot;:&quot;fa-solid&quot;},&quot;layout&quot;:&quot;horizontal&quot;,&quot;toggle&quot;:&quot;burger&quot;}\" data-widget_type=\"nav-menu.default\">\n\t\t\t\t<div class=\"elementor-widget-container\">\n\t\t\t\t\t\t\t\t<nav aria-label=\"Men\u00fc\" class=\"elementor-nav-menu--main elementor-nav-menu__container elementor-nav-menu--layout-horizontal e--pointer-overline e--animation-fade\">\n\t\t\t\t<ul id=\"menu-1-1ecf98b5\" class=\"elementor-nav-menu\"><li class=\"menu-item menu-item-type-custom menu-item-object-custom menu-item-home menu-item-554\"><a href=\"https:\/\/hallasvilagnapja.hu\/hvn\" class=\"elementor-item\">Hall\u00e1s Vil\u00e1gnapja<\/a><\/li>\n<li class=\"menu-item menu-item-type-post_type menu-item-object-page menu-item-1145\"><a href=\"https:\/\/hallasvilagnapja.hu\/hvn\/hearx-terem-2026\/\" class=\"elementor-item\">HEARx konferencia<\/a><\/li>\n<li class=\"menu-item menu-item-type-post_type menu-item-object-page menu-item-1149\"><a href=\"https:\/\/hallasvilagnapja.hu\/hvn\/hallasrehabilitacio-2026\/\" class=\"elementor-item\">Hall\u00e1srehabilit\u00e1ci\u00f3 2026<\/a><\/li>\n<li class=\"menu-item menu-item-type-post_type menu-item-object-page menu-item-1486\"><a href=\"https:\/\/hallasvilagnapja.hu\/hvn\/hallasserult-nagykovetek-2026\/\" class=\"elementor-item\">Hall\u00e1ss\u00e9r\u00fclt Nagyk\u00f6vet<\/a><\/li>\n<\/ul>\t\t\t<\/nav>\n\t\t\t\t\t<div class=\"elementor-menu-toggle\" role=\"button\" tabindex=\"0\" aria-label=\"Men\u00fc kapcsol\u00f3\" aria-expanded=\"false\">\n\t\t\t<svg aria-hidden=\"true\" role=\"presentation\" class=\"elementor-menu-toggle__icon--open e-font-icon-svg e-eicon-menu-bar\" viewBox=\"0 0 1000 1000\" xmlns=\"http:\/\/www.w3.org\/2000\/svg\"><path d=\"M104 333H896C929 333 958 304 958 271S929 208 896 208H104C71 208 42 237 42 271S71 333 104 333ZM104 583H896C929 583 958 554 958 521S929 458 896 458H104C71 458 42 487 42 521S71 583 104 583ZM104 833H896C929 833 958 804 958 771S929 708 896 708H104C71 708 42 737 42 771S71 833 104 833Z\"><\/path><\/svg><svg aria-hidden=\"true\" role=\"presentation\" class=\"elementor-menu-toggle__icon--close e-font-icon-svg e-eicon-close\" viewBox=\"0 0 1000 1000\" xmlns=\"http:\/\/www.w3.org\/2000\/svg\"><path d=\"M742 167L500 408 258 167C246 154 233 150 217 150 196 150 179 158 167 167 154 179 150 196 150 212 150 229 154 242 171 254L408 500 167 742C138 771 138 800 167 829 196 858 225 858 254 829L496 587 738 829C750 842 767 846 783 846 800 846 817 842 829 829 842 817 846 804 846 783 846 767 842 750 829 737L588 500 833 258C863 229 863 200 833 171 804 137 775 137 742 167Z\"><\/path><\/svg>\t\t<\/div>\n\t\t\t\t\t<nav class=\"elementor-nav-menu--dropdown elementor-nav-menu__container\" aria-hidden=\"true\">\n\t\t\t\t<ul id=\"menu-2-1ecf98b5\" class=\"elementor-nav-menu\"><li class=\"menu-item menu-item-type-custom menu-item-object-custom menu-item-home menu-item-554\"><a href=\"https:\/\/hallasvilagnapja.hu\/hvn\" class=\"elementor-item\" tabindex=\"-1\">Hall\u00e1s Vil\u00e1gnapja<\/a><\/li>\n<li class=\"menu-item menu-item-type-post_type menu-item-object-page menu-item-1145\"><a href=\"https:\/\/hallasvilagnapja.hu\/hvn\/hearx-terem-2026\/\" class=\"elementor-item\" tabindex=\"-1\">HEARx konferencia<\/a><\/li>\n<li class=\"menu-item menu-item-type-post_type menu-item-object-page menu-item-1149\"><a href=\"https:\/\/hallasvilagnapja.hu\/hvn\/hallasrehabilitacio-2026\/\" class=\"elementor-item\" tabindex=\"-1\">Hall\u00e1srehabilit\u00e1ci\u00f3 2026<\/a><\/li>\n<li class=\"menu-item menu-item-type-post_type menu-item-object-page menu-item-1486\"><a href=\"https:\/\/hallasvilagnapja.hu\/hvn\/hallasserult-nagykovetek-2026\/\" class=\"elementor-item\" tabindex=\"-1\">Hall\u00e1ss\u00e9r\u00fclt Nagyk\u00f6vet<\/a><\/li>\n<\/ul>\t\t\t<\/nav>\n\t\t\t\t\t\t<\/div>\n\t\t\t\t<\/div>\n\t\t\t\t\t<\/div>\n\t\t<\/div>\n\t\t\t\t<div class=\"elementor-column elementor-col-50 elementor-top-column elementor-element elementor-element-3a25bc31\" data-id=\"3a25bc31\" data-element_type=\"column\" data-e-type=\"column\">\n\t\t\t<div class=\"elementor-widget-wrap elementor-element-populated\">\n\t\t\t\t\t\t<section class=\"elementor-section elementor-inner-section elementor-element elementor-element-2664d834 elementor-hidden-mobile elementor-section-boxed elementor-section-height-default elementor-section-height-default\" data-id=\"2664d834\" data-element_type=\"section\" data-e-type=\"section\">\n\t\t\t\t\t\t<div class=\"elementor-container elementor-column-gap-no\">\n\t\t\t\t\t<div class=\"elementor-column elementor-col-100 elementor-inner-column elementor-element elementor-element-24be34af\" data-id=\"24be34af\" data-element_type=\"column\" data-e-type=\"column\">\n\t\t\t<div class=\"elementor-widget-wrap elementor-element-populated\">\n\t\t\t\t\t\t<div class=\"elementor-element elementor-element-55edb331 animated-fast elementor-align-right elementor-mobile-align-center elementor-button-warning elementor-widget__width-initial elementor-widget-tablet__width-initial elementor-invisible elementor-widget elementor-widget-button\" data-id=\"55edb331\" data-element_type=\"widget\" data-e-type=\"widget\" data-settings=\"{&quot;_animation&quot;:&quot;fadeIn&quot;}\" data-widget_type=\"button.default\">\n\t\t\t\t<div class=\"elementor-widget-container\">\n\t\t\t\t\t\t\t\t\t<div class=\"elementor-button-wrapper\">\n\t\t\t\t\t<a class=\"elementor-button elementor-button-link elementor-size-sm\" href=\"https:\/\/ottleszek.sinosz.hu\/esemeny\/hallas-vilagnapja-2025\" target=\"_blank\" rel=\"nofollow\">\n\t\t\t\t\t\t<span class=\"elementor-button-content-wrapper\">\n\t\t\t\t\t\t\t\t\t<span class=\"elementor-button-text\">Ott leszek \u00e9n is!<\/span>\n\t\t\t\t\t<\/span>\n\t\t\t\t\t<\/a>\n\t\t\t\t<\/div>\n\t\t\t\t\t\t\t\t<\/div>\n\t\t\t\t<\/div>\n\t\t\t\t\t<\/div>\n\t\t<\/div>\n\t\t\t\t\t<\/div>\n\t\t<\/section>\n\t\t\t\t\t<\/div>\n\t\t<\/div>\n\t\t\t\t\t<\/div>\n\t\t<\/section>\n\t\t\t\t<section class=\"elementor-section elementor-top-section elementor-element elementor-element-6cb601b9 elementor-section-full_width elementor-section-height-min-height elementor-section-items-stretch elementor-section-height-default\" data-id=\"6cb601b9\" data-element_type=\"section\" data-e-type=\"section\" data-settings=\"{&quot;background_background&quot;:&quot;classic&quot;}\">\n\t\t\t\t\t\t<div class=\"elementor-container elementor-column-gap-default\">\n\t\t\t\t\t<div class=\"elementor-column elementor-col-100 elementor-top-column elementor-element elementor-element-d1dcee0\" data-id=\"d1dcee0\" data-element_type=\"column\" data-e-type=\"column\">\n\t\t\t<div class=\"elementor-widget-wrap\">\n\t\t\t\t\t\t\t<\/div>\n\t\t<\/div>\n\t\t\t\t\t<\/div>\n\t\t<\/section>\n\t\t\t\t<section class=\"elementor-section elementor-top-section elementor-element elementor-element-7341d02e elementor-section-stretched elementor-section-content-middle elementor-section-boxed elementor-section-height-default elementor-section-height-default\" data-id=\"7341d02e\" data-element_type=\"section\" data-e-type=\"section\" data-settings=\"{&quot;stretch_section&quot;:&quot;section-stretched&quot;,&quot;background_background&quot;:&quot;classic&quot;}\">\n\t\t\t\t\t\t<div class=\"elementor-container elementor-column-gap-no\">\n\t\t\t\t\t<div class=\"elementor-column elementor-col-100 elementor-top-column elementor-element elementor-element-3e987959\" data-id=\"3e987959\" data-element_type=\"column\" data-e-type=\"column\">\n\t\t\t<div class=\"elementor-widget-wrap elementor-element-populated\">\n\t\t\t\t\t\t<section class=\"elementor-section elementor-inner-section elementor-element elementor-element-2160ea85 elementor-section-content-middle elementor-section-boxed elementor-section-height-default elementor-section-height-default\" data-id=\"2160ea85\" data-element_type=\"section\" data-e-type=\"section\">\n\t\t\t\t\t\t<div class=\"elementor-container elementor-column-gap-default\">\n\t\t\t\t\t<div class=\"elementor-column elementor-col-100 elementor-inner-column elementor-element elementor-element-61570b7f\" data-id=\"61570b7f\" data-element_type=\"column\" data-e-type=\"column\">\n\t\t\t<div class=\"elementor-widget-wrap elementor-element-populated\">\n\t\t\t\t\t\t<div class=\"elementor-element elementor-element-2213f2c0 elementor-widget elementor-widget-heading\" data-id=\"2213f2c0\" data-element_type=\"widget\" data-e-type=\"widget\" data-widget_type=\"heading.default\">\n\t\t\t\t<div class=\"elementor-widget-container\">\n\t\t\t\t\t<h2 class=\"elementor-heading-title elementor-size-default\">Ko\u030bszegi Kincso\u030b<\/h2>\t\t\t\t<\/div>\n\t\t\t\t<\/div>\n\t\t\t\t\t<\/div>\n\t\t<\/div>\n\t\t\t\t\t<\/div>\n\t\t<\/section>\n\t\t\t\t\t<\/div>\n\t\t<\/div>\n\t\t\t\t\t<\/div>\n\t\t<\/section>\n\t\t\t\t<div class=\"elementor-section elementor-top-section elementor-element elementor-element-651d30f8 elementor-section-stretched elementor-section-content-middle elementor-section-boxed elementor-section-height-default elementor-section-height-default\" data-id=\"651d30f8\" data-element_type=\"section\" data-e-type=\"section\" data-settings=\"{&quot;stretch_section&quot;:&quot;section-stretched&quot;}\">\n\t\t\t\t\t\t<div class=\"elementor-container elementor-column-gap-default\">\n\t\t\t\t\t<div class=\"elementor-column elementor-col-100 elementor-top-column elementor-element elementor-element-6b2f24fd\" data-id=\"6b2f24fd\" data-element_type=\"column\" data-e-type=\"column\">\n\t\t\t<div class=\"elementor-widget-wrap elementor-element-populated\">\n\t\t\t\t\t\t<div class=\"elementor-element elementor-element-12b92b88 elementor-invisible elementor-widget elementor-widget-heading\" data-id=\"12b92b88\" data-element_type=\"widget\" data-e-type=\"widget\" data-settings=\"{&quot;_animation&quot;:&quot;fadeInUp&quot;}\" data-widget_type=\"heading.default\">\n\t\t\t\t<div class=\"elementor-widget-container\">\n\t\t\t\t\t<h2 class=\"elementor-heading-title elementor-size-default\">Az \u00e9n utam<\/h2>\t\t\t\t<\/div>\n\t\t\t\t<\/div>\n\t\t\t\t<div class=\"elementor-element elementor-element-5efb0e3 elementor-shape-square e-grid-align-left elementor-grid-0 elementor-invisible elementor-widget elementor-widget-social-icons\" data-id=\"5efb0e3\" data-element_type=\"widget\" data-e-type=\"widget\" data-settings=\"{&quot;_animation&quot;:&quot;fadeInUp&quot;,&quot;_animation_delay&quot;:200}\" data-widget_type=\"social-icons.default\">\n\t\t\t\t<div class=\"elementor-widget-container\">\n\t\t\t\t\t\t\t<div class=\"elementor-social-icons-wrapper elementor-grid\" role=\"list\">\n\t\t\t\t\t\t\t<span class=\"elementor-grid-item\" role=\"listitem\">\n\t\t\t\t\t<a class=\"elementor-icon elementor-social-icon elementor-social-icon-facebook-f elementor-repeater-item-c47b00f\" target=\"_blank\">\n\t\t\t\t\t\t<span class=\"elementor-screen-only\">Facebook-f<\/span>\n\t\t\t\t\t\t<svg aria-hidden=\"true\" class=\"e-font-icon-svg e-fab-facebook-f\" viewBox=\"0 0 320 512\" xmlns=\"http:\/\/www.w3.org\/2000\/svg\"><path d=\"M279.14 288l14.22-92.66h-88.91v-60.13c0-25.35 12.42-50.06 52.24-50.06h40.42V6.26S260.43 0 225.36 0c-73.22 0-121.08 44.38-121.08 124.72v70.62H22.89V288h81.39v224h100.17V288z\"><\/path><\/svg>\t\t\t\t\t<\/a>\n\t\t\t\t<\/span>\n\t\t\t\t\t\t\t<span class=\"elementor-grid-item\" role=\"listitem\">\n\t\t\t\t\t<a class=\"elementor-icon elementor-social-icon elementor-social-icon-twitter elementor-repeater-item-871ea85\" target=\"_blank\">\n\t\t\t\t\t\t<span class=\"elementor-screen-only\">Twitter<\/span>\n\t\t\t\t\t\t<svg aria-hidden=\"true\" class=\"e-font-icon-svg e-fab-twitter\" viewBox=\"0 0 512 512\" xmlns=\"http:\/\/www.w3.org\/2000\/svg\"><path d=\"M459.37 151.716c.325 4.548.325 9.097.325 13.645 0 138.72-105.583 298.558-298.558 298.558-59.452 0-114.68-17.219-161.137-47.106 8.447.974 16.568 1.299 25.34 1.299 49.055 0 94.213-16.568 130.274-44.832-46.132-.975-84.792-31.188-98.112-72.772 6.498.974 12.995 1.624 19.818 1.624 9.421 0 18.843-1.3 27.614-3.573-48.081-9.747-84.143-51.98-84.143-102.985v-1.299c13.969 7.797 30.214 12.67 47.431 13.319-28.264-18.843-46.781-51.005-46.781-87.391 0-19.492 5.197-37.36 14.294-52.954 51.655 63.675 129.3 105.258 216.365 109.807-1.624-7.797-2.599-15.918-2.599-24.04 0-57.828 46.782-104.934 104.934-104.934 30.213 0 57.502 12.67 76.67 33.137 23.715-4.548 46.456-13.32 66.599-25.34-7.798 24.366-24.366 44.833-46.132 57.827 21.117-2.273 41.584-8.122 60.426-16.243-14.292 20.791-32.161 39.308-52.628 54.253z\"><\/path><\/svg>\t\t\t\t\t<\/a>\n\t\t\t\t<\/span>\n\t\t\t\t\t\t\t<span class=\"elementor-grid-item\" role=\"listitem\">\n\t\t\t\t\t<a class=\"elementor-icon elementor-social-icon elementor-social-icon-google-plus-g elementor-repeater-item-3d91771\" target=\"_blank\">\n\t\t\t\t\t\t<span class=\"elementor-screen-only\">Google-plus-g<\/span>\n\t\t\t\t\t\t<svg aria-hidden=\"true\" class=\"e-font-icon-svg e-fab-google-plus-g\" viewBox=\"0 0 640 512\" xmlns=\"http:\/\/www.w3.org\/2000\/svg\"><path d=\"M386.061 228.496c1.834 9.692 3.143 19.384 3.143 31.956C389.204 370.205 315.599 448 204.8 448c-106.084 0-192-85.915-192-192s85.916-192 192-192c51.864 0 95.083 18.859 128.611 50.292l-52.126 50.03c-14.145-13.621-39.028-29.599-76.485-29.599-65.484 0-118.92 54.221-118.92 121.277 0 67.056 53.436 121.277 118.92 121.277 75.961 0 104.513-54.745 108.965-82.773H204.8v-66.009h181.261zm185.406 6.437V179.2h-56.001v55.733h-55.733v56.001h55.733v55.733h56.001v-55.733H627.2v-56.001h-55.733z\"><\/path><\/svg>\t\t\t\t\t<\/a>\n\t\t\t\t<\/span>\n\t\t\t\t\t\t\t<span class=\"elementor-grid-item\" role=\"listitem\">\n\t\t\t\t\t<a class=\"elementor-icon elementor-social-icon elementor-social-icon-github elementor-repeater-item-bb617e3\" target=\"_blank\">\n\t\t\t\t\t\t<span class=\"elementor-screen-only\">Github<\/span>\n\t\t\t\t\t\t<svg aria-hidden=\"true\" class=\"e-font-icon-svg e-fab-github\" viewBox=\"0 0 496 512\" xmlns=\"http:\/\/www.w3.org\/2000\/svg\"><path d=\"M165.9 397.4c0 2-2.3 3.6-5.2 3.6-3.3.3-5.6-1.3-5.6-3.6 0-2 2.3-3.6 5.2-3.6 3-.3 5.6 1.3 5.6 3.6zm-31.1-4.5c-.7 2 1.3 4.3 4.3 4.9 2.6 1 5.6 0 6.2-2s-1.3-4.3-4.3-5.2c-2.6-.7-5.5.3-6.2 2.3zm44.2-1.7c-2.9.7-4.9 2.6-4.6 4.9.3 2 2.9 3.3 5.9 2.6 2.9-.7 4.9-2.6 4.6-4.6-.3-1.9-3-3.2-5.9-2.9zM244.8 8C106.1 8 0 113.3 0 252c0 110.9 69.8 205.8 169.5 239.2 12.8 2.3 17.3-5.6 17.3-12.1 0-6.2-.3-40.4-.3-61.4 0 0-70 15-84.7-29.8 0 0-11.4-29.1-27.8-36.6 0 0-22.9-15.7 1.6-15.4 0 0 24.9 2 38.6 25.8 21.9 38.6 58.6 27.5 72.9 20.9 2.3-16 8.8-27.1 16-33.7-55.9-6.2-112.3-14.3-112.3-110.5 0-27.5 7.6-41.3 23.6-58.9-2.6-6.5-11.1-33.3 2.6-67.9 20.9-6.5 69 27 69 27 20-5.6 41.5-8.5 62.8-8.5s42.8 2.9 62.8 8.5c0 0 48.1-33.6 69-27 13.7 34.7 5.2 61.4 2.6 67.9 16 17.7 25.8 31.5 25.8 58.9 0 96.5-58.9 104.2-114.8 110.5 9.2 7.9 17 22.9 17 46.4 0 33.7-.3 75.4-.3 83.6 0 6.5 4.6 14.4 17.3 12.1C428.2 457.8 496 362.9 496 252 496 113.3 383.5 8 244.8 8zM97.2 352.9c-1.3 1-1 3.3.7 5.2 1.6 1.6 3.9 2.3 5.2 1 1.3-1 1-3.3-.7-5.2-1.6-1.6-3.9-2.3-5.2-1zm-10.8-8.1c-.7 1.3.3 2.9 2.3 3.9 1.6 1 3.6.7 4.3-.7.7-1.3-.3-2.9-2.3-3.9-2-.6-3.6-.3-4.3.7zm32.4 35.6c-1.6 1.3-1 4.3 1.3 6.2 2.3 2.3 5.2 2.6 6.5 1 1.3-1.3.7-4.3-1.3-6.2-2.2-2.3-5.2-2.6-6.5-1zm-11.4-14.7c-1.6 1-1.6 3.6 0 5.9 1.6 2.3 4.3 3.3 5.6 2.3 1.6-1.3 1.6-3.9 0-6.2-1.4-2.3-4-3.3-5.6-2z\"><\/path><\/svg>\t\t\t\t\t<\/a>\n\t\t\t\t<\/span>\n\t\t\t\t\t\t\t<span class=\"elementor-grid-item\" role=\"listitem\">\n\t\t\t\t\t<a class=\"elementor-icon elementor-social-icon elementor-social-icon-linkedin-in elementor-repeater-item-f4e8543\" target=\"_blank\">\n\t\t\t\t\t\t<span class=\"elementor-screen-only\">Linkedin-in<\/span>\n\t\t\t\t\t\t<svg aria-hidden=\"true\" class=\"e-font-icon-svg e-fab-linkedin-in\" viewBox=\"0 0 448 512\" xmlns=\"http:\/\/www.w3.org\/2000\/svg\"><path d=\"M100.28 448H7.4V148.9h92.88zM53.79 108.1C24.09 108.1 0 83.5 0 53.8a53.79 53.79 0 0 1 107.58 0c0 29.7-24.1 54.3-53.79 54.3zM447.9 448h-92.68V302.4c0-34.7-.7-79.2-48.29-79.2-48.29 0-55.69 37.7-55.69 76.7V448h-92.78V148.9h89.08v40.8h1.3c12.4-23.5 42.69-48.3 87.88-48.3 94 0 111.28 61.9 111.28 142.3V448z\"><\/path><\/svg>\t\t\t\t\t<\/a>\n\t\t\t\t<\/span>\n\t\t\t\t\t<\/div>\n\t\t\t\t\t\t<\/div>\n\t\t\t\t<\/div>\n\t\t\t\t<div class=\"elementor-element elementor-element-27500643 elementor-invisible elementor-widget elementor-widget-text-editor\" data-id=\"27500643\" data-element_type=\"widget\" data-e-type=\"widget\" data-settings=\"{&quot;_animation&quot;:&quot;fadeInUp&quot;,&quot;_animation_delay&quot;:300}\" data-widget_type=\"text-editor.default\">\n\t\t\t\t<div class=\"elementor-widget-container\">\n\t\t\t\t\t\t\t\t\t<p><i><span style=\"font-weight: 400;\">2006.07.17.<\/span><\/i><\/p><p><i><span style=\"font-weight: 400;\">Amikor \u00e9desany\u00e1m terhes volt velem, akkor \u0151 \u00e9s \u00e9n vesz\u00e9lybe ker\u00fclt\u00fcnk, ez\u00e9rt s\u00fcrg\u0151s cs\u00e1sz\u00e1rmetsz\u00e9snek \u00e9s \u00e9pp akkor \u00fcgyel\u0151 doktornak k\u00f6sz\u00f6nhetj\u00fck, hogy most \u00e9l\u00fcnk. \u00cdgy elmes\u00e9lhetem a t\u00f6rt\u00e9netemet. Sz\u00fclet\u00e9sem ut\u00e1n nem mer\u00fclt fel, hogy teljes hall\u00e1ss\u00e9r\u00fclts\u00e9gem lenne.<\/span><\/i><\/p><p><i><span style=\"font-weight: 400;\">2006.-2008.<\/span><\/i><\/p><p><i><span style=\"font-weight: 400;\">2,5 \u00e9vig nem der\u00fclt ki, hogy egy\u00e1ltal\u00e1n nem hallok, maximum a rep\u00fcl\u0151g\u00e9p motorj\u00e1t. Amikor megtudtam, k\u00edv\u00e1ncsi voltam, hogy t\u00e9nyleg hallan\u00e1m-e, ki is akartam pr\u00f3b\u00e1lni, de v\u00e9g\u00fcl nem j\u00f6tt \u00f6ssze. \u00c9desapuk\u00e1m mes\u00e9lte el, ezt a kis t\u00f6rt\u00e9netet, amikor gyan\u00edtott\u00e1k, hogy valami nincs rendben, \u00e9s hogy hogyan der\u00fclt ki sz\u00e1mukra. \u201eEgyszer \u00e9desany\u00e1m leejtett egy l\u00e1bast m\u00f6g\u00e9m, de meg sem rezzentem. Innen tudt\u00e1k a sz\u00fcleim, hogy val\u00f3ban nem hallok.\u201d \u00cdgy \u00fajabb vizsg\u00e1latokon vettem r\u00e9szt. Kaptam k\u00fcl\u00f6n f\u00e9le hall\u00f3k\u00e9sz\u00fcl\u00e9keket, de val\u00f3sz\u00edn\u0171leg azokkal sem hallottam.<\/span><\/i><\/p><ol start=\"2008\"><li><i><span style=\"font-weight: 400;\"> december<\/span><\/i><\/li><\/ol><p><i><span style=\"font-weight: 400;\">A Szegedi Tudom\u00e1nyegyetem F\u00fcl-Orr-G\u00e9g\u00e9szeti \u00e9s Fej-Nyakseb\u00e9szeti Klinik\u00e1n m\u0171t\u00f6ttek meg el\u0151sz\u00f6r, ahol a jobb oldalamra cochle\u00e1ris implant\u00e1tumot kaptam. Mai napig eml\u00e9kszem a k\u00f3rh\u00e1z belsej\u00e9re, igaz, csak r\u00e9szletekre. \u00c9vekig vissza j\u00e1rtunk \u00e1ll\u00edt\u00e1sokra, nagyon ut\u00e1ltam ennyit utazni pestr\u0151l kb. f\u00e9l \u00f3r\u00e1\u00e9rt, mindig az eg\u00e9sz napunk ment r\u00e1.<\/span><\/i><\/p><p><i><span style=\"font-weight: 400;\">2009-2025.<\/span><\/i><\/p><p><i><span style=\"font-weight: 400;\">Sok id\u0151be telt mire megtanultam besz\u00e9lni. Rengeteg fejleszt\u0151s f\u00fczetem van, m\u00e9g mindig az egyik szekr\u00e9nyben vannak egy helyen. Id\u0151nk\u00e9nt el\u0151veszem, \u00e9s pr\u00f3b\u00e1lok nosztalgi\u00e1zni, mert nem igaz\u00e1n eml\u00e9kszem mindenre a fejleszt\u0151\u00f3r\u00e1kb\u00f3l, igaz az ember nem igaz\u00e1n eml\u00e9kszik a gyerekkor\u00e1b\u00f3l mindenre. Az egyikben k\u00e9pek vannak arr\u00f3l, amikor \u00e9desapuk\u00e1m egy pl\u00fcssmack\u00f3t m\u0171t\u00f6tt meg \u00e9s mutatta meg nekem \u00e9s a n\u0151v\u00e9remnek l\u00e9p\u00e9sr\u0151l l\u00e9p\u00e9sre, hogy mi fog t\u00f6rt\u00e9nni velem nagyvonalakba. Ezzel pr\u00f3b\u00e1lt engem felk\u00e9sz\u00edteni az els\u0151 m\u0171t\u00e9temre. A pl\u00fcss m\u00e9g mindig megvan, s\u0151t m\u00e9g a kartonb\u00f3l k\u00e9sz\u00fclt k\u00fcls\u0151 egys\u00e9g \u00e9s m\u00e1gnes is.<\/span><\/i><\/p><p><i><span style=\"font-weight: 400;\">J\u00f6tt az \u00f3voda. Sz\u00fcleim \u00fagy gondolt\u00e1k, hogy mindenk\u00e9ppen hall\u00f3 gyerekek k\u00f6z\u00e9 j\u00e1rjak. \u00c9n egy\u00e1ltal\u00e1n nem eml\u00e9kszem, hogy milyenek voltak az els\u0151 napok, hetek, h\u00f3napok, de olyan eml\u00e9keim vannak, hogy ugyan\u00fagy j\u00e1tszottam, mint a t\u00f6bbiek, mindent csin\u00e1lhattam, amit \u0151k. Visszagondolva nem \u00e9reztem magamat k\u00fcl\u00f6ncnek. Viszont szerintem volt, amikor k\u00fcl\u00f6ncnek \u00e9reztem magamat.<\/span><\/i><\/p><p><i><span style=\"font-weight: 400;\">J\u00f6tt az \u00e1ltal\u00e1nos iskola. Egy zene tagozatos int\u00e9zm\u00e9ny volt, ide j\u00e1rt a n\u0151v\u00e9rem is.\u00a0 Az \u00e9nek-zene miatt neh\u00e9znek \u00e9reztem, de a magyar sem ment valami k\u00f6nnyen, ami miatt nem volt a kedvencem (mai napig sem lett a kedvencem). A zen\u00e9t szerettem, most is szeretem, de nagyon sz\u00e9gyelltem magamat, hogy nem tudok tiszt\u00e1n \u00e9nekelni nagy val\u00f3sz\u00edn\u0171leg, amiatt, hogy nem \u00fagy hallom a hangokat, mint a t\u00f6bbiek. Sokszor emiatt nem szeretem iskol\u00e1ba j\u00e1rni, mindig f\u00e9ltem, hogy \u00e9ppen ki fog cikizni emiatt. Miel\u0151tt m\u00e1sodikba mentem volna, el\u0151tte val\u00f3 ny\u00e1ron m\u0171t\u00f6tt\u00e9k meg ugyan\u00fagy a szegedi klinik\u00e1n, a bal oldalamat. A neh\u00e9zs\u00e9gek ellen\u00e9re sikeresen kij\u00e1rtam az \u00e1ltal\u00e1nos iskol\u00e1t, rengeteget k\u00fczd\u00f6ttem \u00f6nmagammal is, mert minden\u00e1ron bizony\u00edtani akartam az oszt\u00e1lyt\u00e1rsaimnak, hogy nem vagyok k\u00fcl\u00f6nb t\u0151l\u00fck. Sajnos az \u00f3vodai \u00e9vekkel ellent\u00e9tben az \u00e1ltal\u00e1nos iskolai \u00e9veim alatt sokszor \u00e9reztem magamat k\u00fcl\u00f6ncnek. \u00cdgy m\u00e9g nehezebben teltek el ezek az \u00e9vek. De a sz\u00fcleim v\u00e9gig t\u00e1mogattak, \u00e9s igaz\u00e1b\u00f3l a tanul\u00e1sba val\u00f3 menek\u00fcl\u00e9s seg\u00edtett, aminek k\u00f6sz\u00f6nhet\u0151en minden \u00e9vben kit\u0171n\u0151 lettem. Ezek az \u00e9vek alatt egy nagyobb baleset t\u00f6rt\u00e9nt a focip\u00e1ly\u00e1n, de val\u00f3j\u00e1ban k\u00e9tszer, de a m\u00e1sodik alkalom nem volt annyira komoly. Szerintem ez el\u00e9g j\u00f3 ar\u00e1ny. Az egyik napk\u00f6zis d\u00e9lut\u00e1non fejbe r\u00fagtak egy b\u0151rfocilabd\u00e1val (igaz\u00e1b\u00f3l mindk\u00e9t balesetn\u00e9l) \u00e9s lerep\u00fclt mindk\u00e9t hall\u00f3k\u00e1m. \u00c9n \u00fagy eml\u00e9kszem, hogy csak az egyikn\u00e9l t\u00f6rt\u00e9nt meg. A napk\u00f6zis tan\u00e1r nagyon k\u00e9ts\u00e9gbe volt esve, \u00e9n igaz\u00e1b\u00f3l meg voltam szeppenve, de a n\u0151v\u00e9rem ott volt \u00e9s seg\u00edtett, \u00edgy minden rendben volt. A hall\u00f3k\u00e9sz\u00fcl\u00e9keknek \u00e9s a fejemnek sem lett semmi baja.<\/span><\/i><\/p><p><i><span style=\"font-weight: 400;\">Egy nagyon j\u00f3 szurdopedag\u00f3gusom volt, nagy szerencs\u00e9mre 10 \u00e9ven \u00e1t, \u00e1ltal\u00e1nos iskola els\u0151 oszt\u00e1lyt\u00f3l gimi 10. \u00e9vv\u00e9g\u00e9ig. Rengeteget k\u00f6sz\u00f6nhetek neki, mindig az volt a legjobb napom, amikor vele volt \u00f3r\u00e1m. Igaz nem azok voltak a kedvenc \u00f3r\u00e1im amikor sz\u00f6veg\u00e9rt\u00e9st vagy nyelvtani feladatot csin\u00e1ltunk, de ezekben volt a legnagyobb sz\u00fcks\u00e9gem a seg\u00edts\u00e9g\u00e9re.<\/span><\/i><\/p><p><i><span style=\"font-weight: 400;\">Elj\u00f6tt a felv\u00e9teli-\u00e9s a gimn\u00e1ziumba val\u00f3 jelentkez\u00e9s id\u0151pontja. Sz\u00e1momra az egyik legstresszesebb id\u0151szak k\u00f6z\u00e9 tartozik. \u00daj k\u00f6rnyezetbe ker\u00fcl\u00e9s, \u00faj emberek, r\u00e9gi bar\u00e1tok elhagy\u00e1sa, f\u00e9ltem, hogy mi lesz. Megszoktam az embereket, tudt\u00e1k, hogy hall\u00e1s\u00e9r\u00fclt vagyok, \u00e9s hogy nem mindig \u00e9rtem, amit mondanak, \u00e9s most \u00fajra mindenkit be kell avatnom ezekbe a dolgokba, \u00e9s ez ijeszt\u0151 volt sz\u00e1momra. V\u00e9g\u00fcl egy technikumba ker\u00fcltem p\u00e9nz\u00fcgy-sz\u00e1mvitel \u00fcgyint\u00e9z\u0151 szakra, amit mostanra megszerettem. A 9. \u00e9v v\u00e9g\u00e9re lett egy \u00faj bar\u00e1tn\u0151m, \u00e9s 10.-ben, pedig egy olyan bar\u00e1ti t\u00e1rsas\u00e1gba ker\u00fcltem, ahol elfogadtak olyannak, amilyen vagyok, teh\u00e1t az eleji aggodalmaimnak, f\u00e9lelmeimnek nem volt semmi alapja. A tan\u00e1rok is seg\u00edt\u0151k\u00e9szek voltak \u00e9s most is azok. A n\u00e9gy \u00e9v alatt szint\u00e9n a magyarral, de ezenk\u00edv\u00fcl a t\u00f6rivel \u00e9s az idegen nyelvekkel gy\u0171lt meg a bajom. A szakmai tant\u00e1rgyakn\u00e1l is voltak val\u00f3j\u00e1ban most is vannak neh\u00e9zs\u00e9geim az elm\u00e9leti r\u00e9szek meg\u00e9rt\u00e9s\u00e9n\u00e9l. J\u00f6tt a 12. \u00e9vben az \u00e9retts\u00e9gi, amelyik szint\u00e9n a legstresszesebb \u00e9s egyben a legk\u00fczdelmesebb \u00e9veim k\u00f6z\u00e9 tartozik. Az \u00e9desany\u00e1m, a n\u0151v\u00e9rem \u00e9s az akkori szurdopedag\u00f3gusom rengeteg seg\u00edts\u00e9ge n\u00e9lk\u00fcl nem siker\u00fcltek volna az \u00e9retts\u00e9gijeim. A hall\u00e1ss\u00e9r\u00fclts\u00e9gb\u0151l ad\u00f3d\u00f3an valahol lemaradottabbnak \u00e9rzem magamat a t\u00f6bbiekhez k\u00e9pest, hi\u00e1ba tanultam rengeteget, mindig \u00fagy \u00e9reztem, hogy kevesebbet tudok, f\u0151leg akkor \u00e9reztem, \u00edgy magamat, amikor sz\u00e1momra \u00faj sz\u00f3 volt, de a t\u00f6bbieknek nem.<\/span><\/i><\/p><p><i><span style=\"font-weight: 400;\">2024 janu\u00e1rj\u00e1ban \u00e9szrevett\u00fck, hogy egy puha pukli van a bal oldali m\u00e1gnes felett. \u00cdgy, mivel nem tudtuk, hogy mi ez, ez\u00e9rt elment\u00fcnk a pesti klinik\u00e1ra, ahol megm\u0171t\u00f6ttek. Egy v\u00e9r\u00f6mlenyt t\u00e1vol\u00edtottak el. Szerencs\u00e9re a bels\u0151 egys\u00e9gnek nem volt semmi baja. Nem volt k\u00f6nny\u0171 h\u00f3nap, az azt k\u00f6vet\u0151 h\u00f3napok sem. A tanul\u00e1s ter\u00e9n sem, de mivel nem hordhattam a baloldali k\u00fcls\u0151 egys\u00e9gemet, \u00edgy a bal oldalra m\u00e9g rosszabb lett a besz\u00e9d\u00e9rt\u00e9sem. Nehezen szoktam meg \u00fajra \u00e9s sokkal hamarabb elf\u00e1radtam a sok koncentr\u00e1l\u00e1st\u00f3l.<\/span><\/i><\/p><p><i><span style=\"font-weight: 400;\">Az els\u0151 CI-s t\u00e1borba k\u00e9t bar\u00e1tn\u0151mmel ment\u00fcnk el 2024-ben, mely \u00e9let\u00fcnk legjobb \u00e9lm\u00e9nye volt. \u00cdgy nem volt k\u00e9rd\u00e9s, hogy a tov\u00e1bbi t\u00e1borokba is majd r\u00e9szt szeretn\u00e9nk venni.<\/span><\/i><\/p><p><i><span style=\"font-weight: 400;\">2026.<\/span><\/i><\/p><p><i><span style=\"font-weight: 400;\">Itt vagyok most 19 \u00e9vesen (ny\u00e1ron 20 \u00e9ves leszek) hall\u00f3 emberek k\u00f6z\u00f6tt tanulok. Utols\u00f3 \u00e9vem a technikumba, szakmai vizsg\u00e1mat k\u00e9sz\u00fcl\u00f6k le tenni, \u00e9s az egyik legjobb tanul\u00f3 vagyok az oszt\u00e1lyban n\u00e9h\u00e1ny oszt\u00e1lyt\u00e1rsam mellett. Az idei \u00e9v se lesz k\u00f6nny\u0171, mivel j\u00f6n egy \u00fajabb fejezet az \u00e9letembe, a feln\u0151tt \u00e9let. \u00daj c\u00e9lokkal, tervekkel.<\/span><\/i><\/p><p><span style=\"font-weight: 400;\">A sz\u00fcleim \u00fagy neveltek, hogy a hall\u00e1ss\u00e9r\u00fclts\u00e9gemet ne \u00fagy fogjam fel, mint egy \u00f3ri\u00e1si akad\u00e1ly, \u00e9s hogy mindig hozzam ki bel\u0151le a legt\u00f6bbet \u00e9s a legjobbakat. \u00cdgy rengeteg mindenben lehetett r\u00e9szem, \u00e9s pr\u00f3b\u00e1lhatam ki dolgokat. Mindig arra biztattak, hogy merjek \u00faj dolgokba bele v\u00e1gni. \u00cdgy az \u00e9vek alatt kipr\u00f3b\u00e1ltam egy p\u00e1r sportot is. A n\u0151v\u00e9rem szokta mondani, hogy \u201eegy sz\u00fcl\u0151 r\u00e9m\u00e1lma, amikor a gyereke fej\u00e9n t\u00f6bb milli\u00f3 forinttal futk\u00e1rozik (\u00e9n kicsik\u00e9nt, amikor j\u00e1rni m\u00e9g alig tudtam h\u00e1l\u00f3zs\u00e1kba futottam a k\u00e9sz\u00fcl\u00e9kkel a fejemen), vagy \u00e9ppen egy t\u00f6bb tonn\u00e1s l\u00f3 bakol alatta\u201d. N\u00e9h\u00e1ny \u00e9vig n\u00e9pt\u00e1ncoltam, ut\u00e1na lovagoltam kb. 4-5 \u00e9vig, de sajn\u00e1lom, hogy akkor abbahagytam. A gimiben a tesi \u00f3r\u00e1kon a r\u00f6plabd\u00e1t szerettem a legjobban, van, hogy a bar\u00e1taimmal szoktunk a szabadid\u0151nkben r\u00f6pizni. 2020-ban \u00fajrakezdtem a lovagl\u00e1st, de 4 \u00e9v ut\u00e1n sajnos r\u00e1 k\u00e9nyszer\u00fcltem, hogy abbahagyjam, a m\u0171t\u00e9t miatt. Igaz nem teljesen, de h\u00f3napokra igen. Akkoriban nem \u00e9reztem j\u00f3l magamat a lovard\u00e1ban, \u00e9s azt, hogy \u00e9lvezn\u00e9m is \u201eegyed\u00fcl\u201d, csak, amikor az egyik bar\u00e1tn\u0151mmel lovagoltam egy\u00fctt. A lovagl\u00e1s sz\u00e1momra szabads\u00e1g \u00e9rzetet ny\u00fajtott-ny\u00fajt, \u00e9s emiatt szeretn\u00e9m majd \u00fajrakezdeni, az egyik c\u00e9lom.<\/span><\/p><p><span style=\"font-weight: 400;\">Az \u00e9letc\u00e9ljaim k\u00f6z\u00f6tt szerepel m\u00e9g, hogy valamit vissza tudjak adni az embereknek, \u00e9s seg\u00edteni tudjak hasonl\u00f3 sors\u00fa embereknek. Szeretn\u00e9m a gyerekekkel meg\u00e9rtetni, kezdem\u00e9nyezni \u201e\u00f3r\u00e1kat\u201d, ahol elmagyar\u00e1zz\u00e1k nekik, hogy pontosan mi is ez, hogy m\u0171k\u00f6dik. \u00c9n \u00fagy gondolom, hogy sokszor a gyerekek az\u00e9rt nem \u00e9rtik, mert nem tudj\u00e1k, hogy mi ez. Mostan\u00e1ban felmer\u00fclt bennem, hogy seg\u00edten\u00e9k szervezni CI-s t\u00e1borokat.<\/span><\/p><p><span style=\"font-weight: 400;\">Szerintem sokszor az emberek nem is tudj\u00e1k, hogy hall\u00e1ss\u00e9r\u00fclt vagyok, mert a hajam eltakarja a hall\u00f3k\u00e1imat, \u00e9s a besz\u00e9demen sem igaz\u00e1n hallatsz\u00f3dik meg els\u0151re, ha nem ismernek j\u00f3l. Valamikor j\u00f3 \u00e9rz\u00e9s, hogy ugyan\u00fagy kezelnek, mint a t\u00f6bbi embert, de van, amikor j\u00f3 lenne, ha tudn\u00e1k, mert pl. van amikor besz\u00e9lnek hozz\u00e1m \u00e9s nem \u00e9rtem, \u00e9n meg nem merek visszak\u00e9rdezni, mert akkor \u00fagy \u00e9rzem, hogy h\u00fcly\u00e9nek gondolnak, mert nem tudj\u00e1k mi\u00e9rt nem \u00e9rtem. \u00dagy gondolom, hogy h\u00fclyes\u00e9g, hogy \u00edgy \u00e9rzem, mert szerintem egy \u00e9p hall\u00f3 ember sem \u00e9rtheti mindig azt, amit az ember mond neki, \u00e9s nem ciki vissza k\u00e9rdezni.<\/span><\/p><p><span style=\"font-weight: 400;\">Van, hogy \u00fagy \u00e9rzem, hogy el\u0151\u00edt\u00e9letesek az emberek, ez\u00e9rt vannak olyan szitu\u00e1ci\u00f3k amikor nehezen v\u00e1llalom fel, hogy hall\u00e1ss\u00e9r\u00fclt vagyok. K\u00f6zben meg szeretem, ha tudj\u00e1k \u00e9s tiszt\u00e1ban vannak vele v\u00e9g\u00fcl is az \u00e9letem r\u00e9sze. Mostani fejemmel \u00fagy gondolom, hogy nem kellene sz\u00e9gyellni a hall\u00f3k\u00e9sz\u00fcl\u00e9ket, mert szerintem olyan, mint egy szem\u00fcveg. Sajnos ki voltam k\u00f6z\u00f6s\u00edtve \u00e1ltal\u00e1nos iskol\u00e1ba, az\u00e9rt, mert m\u00e1s voltam, de szerencs\u00e9re volt 1-2 bar\u00e1tom, akikhez \u201eeltudtam menek\u00fclni\u201d, \u00e9s persze a szeret\u0151 csal\u00e1domhoz. Ez hozz\u00e1 j\u00e1rulhatott, hogy akkoriban sz\u00e9gyelltem, \u00e9s szerintem nem vagyok ezzel egyed\u00fcl. Most m\u00e1r nem sz\u00e9gyellem, kiv\u00e9ve ha pont olyan emberrel futok \u00f6ssze aki ki hozza bel\u0151lem ezt a fajta \u00e9rz\u00e9st. Ha fontosnak \u00e9rzem, hogy tudja az az illet\u0151, akivel \u00e9ppen besz\u00e9lgetek, akkor k\u00f6nnyen megtudom vele osztani, an\u00e9lk\u00fcl, hogy sz\u00e9gyen \u00e9rzetett \u00e9rezn\u00e9k.<\/span><\/p><p><span style=\"font-weight: 400;\">Sajnos jelelni nem tudok, volt egy korszakom, amikor meg szerettem volna tanulni, de nem j\u00f6tt \u00f6ssze, az\u00f3ta nem pr\u00f3b\u00e1lkoztam vele. Viszont j\u00f3 l\u00e1tni, amikor k\u00e9t ember \u00edgy kommunik\u00e1l egym\u00e1ssal, mert m\u00e9gis m\u00e1s emberek sz\u00e1m\u00e1ra titkos, hogy mir\u0151l besz\u00e9lnek, \u00e9s szerintem ennek is van \u00edgy egy fajta feelingje.<\/span><\/p><p><span style=\"font-weight: 400;\">Az iskol\u00e1ban \u00fagy \u00e9rzem, hogy sokkal jobban kell koncentr\u00e1lnom, mint a t\u00f6bbieknek. Ha visszhangzik a terem vagy a folyos\u00f3, akkor legt\u00f6bbsz\u00f6r nem \u00e9rtem mit mondanak, ami nagyon zavar. Vagy ha suttognak hozz\u00e1m, vagy ha baloldalr\u00f3l besz\u00e9lnek hozz\u00e1m, akkor szint\u00e9n nem \u00e9rtek semmit. A baloldalon nem j\u00f3 a besz\u00e9d\u00e9rt\u00e9sem, ezen is szeretn\u00e9k fejleszteni. B\u00e1rmilyen k\u00f6nyv olvas\u00e1sn\u00e1l a hosszabb mondatokat, nehezebb szavakat nehezen tudom meg\u00e9rteni.<\/span><\/p><p><span style=\"font-weight: 400;\">Est\u00e9nk\u00e9nt k\u00e9sz\u00fcl\u00e9k n\u00e9lk\u00fcl alszom, \u00edgy nagy lesz a csend. Sz\u00e1momra megnyugtat, ha van m\u00e1s is a lak\u00e1sban, de ha egyed\u00fcl vagyok, akkor ijeszt\u0151 tud lenni sz\u00e1momra csend. Emiatt g\u00e1tolva \u00e9rzem magamat, pl. ha elk\u00f6lt\u00f6z\u00f6k hogyan tudom megoldani, hogy halljam meg este is ha sz\u00f3l a t\u0171z riaszt\u00f3 vagy valaki akkor keres. A reggeli kel\u00e9sekn\u00e9l \u00e9desany\u00e1m kelt, de a rezg\u0151 \u00e9breszt\u0151 \u00f3ra egy nagy tal\u00e1lm\u00e1ny, de van, hogy \u00e9n \u00e1talszom, \u00edgy ez is egy kicsit g\u00e1tol, de ez kev\u00e9sb\u00e9 zavar. Amikor csend van akkor gondolkodok mindig el a legm\u00e9lyebben, ami seg\u00edt sz\u00e1momra jobban meg\u00e9rteni az aznapi t\u00f6rt\u00e9n\u00e9seket, mint amikor rajtam van a hall\u00f3k\u00e9sz\u00fcl\u00e9k.<\/span><\/p><p><span style=\"font-weight: 400;\">\u00c9n igaz\u00e1b\u00f3l mind a k\u00e9t vil\u00e1gban \u00f6nmagamnak \u00e9rzem magam. A sz\u00fcleim \u00fagy kezeltek engem, mint a n\u0151v\u00e9remet, mint egy \u00e9p hall\u00f3t. De hall\u00e1ss\u00e9r\u00fcltk\u00e9nt is kezeltek. Vannak bar\u00e1taim mindk\u00e9t vil\u00e1gban, ami sz\u00e1momra az egyik legjobb dolog a vil\u00e1gon, azon k\u00edv\u00fcl, hogy hallhatok. Nagyon \u00f6r\u00fcl\u00f6k, hogy be tudtam illeszkedni, \u00e9s megtal\u00e1ltam a helyemet mindk\u00e9t vil\u00e1gban.<\/span><\/p>\t\t\t\t\t\t\t\t<\/div>\n\t\t\t\t<\/div>\n\t\t\t\t<div class=\"elementor-element elementor-element-1ae15c99 elementor-align-left elementor-widget elementor-widget-elementskit-button\" data-id=\"1ae15c99\" data-element_type=\"widget\" data-e-type=\"widget\" data-widget_type=\"elementskit-button.default\">\n\t\t\t\t<div class=\"elementor-widget-container\">\n\t\t\t\t\t<div class=\"ekit-wid-con\" >\t\t<div class=\"ekit-btn-wraper\">\n\t\t\t\t\t\t\t<a href=\"https:\/\/hallasvilagnapja.hu\/hvn\/?page_id=1002\" class=\"elementskit-btn  whitespace--normal\" id=\"\">\n\t\t\t\t\tVissza a jel\u00f6ltekhez\t\t\t\t<\/a>\n\t\t\t\t\t<\/div>\n        <\/div>\t\t\t\t<\/div>\n\t\t\t\t<\/div>\n\t\t\t\t<div class=\"elementor-element elementor-element-2c1a13f2 elementor-widget-divider--view-line elementor-invisible elementor-widget elementor-widget-divider\" data-id=\"2c1a13f2\" data-element_type=\"widget\" data-e-type=\"widget\" data-settings=\"{&quot;_animation&quot;:&quot;fadeInUp&quot;}\" data-widget_type=\"divider.default\">\n\t\t\t\t<div class=\"elementor-widget-container\">\n\t\t\t\t\t\t\t<div class=\"elementor-divider\">\n\t\t\t<span class=\"elementor-divider-separator\">\n\t\t\t\t\t\t<\/span>\n\t\t<\/div>\n\t\t\t\t\t\t<\/div>\n\t\t\t\t<\/div>\n\t\t\t\t\t<\/div>\n\t\t<\/div>\n\t\t\t\t\t<\/div>\n\t\t<\/div>\n\t\t\t\t<\/div>\n\t\t","protected":false},"excerpt":{"rendered":"<p>nap \u00f3ra perc m\u00e1sodperc Ott leszek \u00e9n is! Ko\u030bszegi Kincso\u030b Az \u00e9n utam Facebook-f Twitter Google-plus-g Github Linkedin-in 2006.07.17. Amikor \u00e9desany\u00e1m terhes volt velem, akkor \u0151 \u00e9s \u00e9n vesz\u00e9lybe ker\u00fclt\u00fcnk, ez\u00e9rt s\u00fcrg\u0151s cs\u00e1sz\u00e1rmetsz\u00e9snek \u00e9s \u00e9pp akkor \u00fcgyel\u0151 doktornak k\u00f6sz\u00f6nhetj\u00fck, hogy most \u00e9l\u00fcnk. \u00cdgy elmes\u00e9lhetem a t\u00f6rt\u00e9netemet. Sz\u00fclet\u00e9sem ut\u00e1n nem mer\u00fclt fel, hogy teljes hall\u00e1ss\u00e9r\u00fclts\u00e9gem lenne. [&hellip;]<\/p>\n","protected":false},"author":2,"featured_media":0,"comment_status":"closed","ping_status":"open","sticky":false,"template":"","format":"standard","meta":{"footnotes":""},"categories":[1],"tags":[],"class_list":["post-1287","post","type-post","status-publish","format-standard","hentry","category-uncategorized"],"yoast_head":"<!-- This site is optimized with the Yoast SEO Premium plugin v27.4 (Yoast SEO v27.4) - https:\/\/yoast.com\/product\/yoast-seo-premium-wordpress\/ -->\n<title>Ko\u030bszegi Kincso\u030b - Hall\u00e1s Vil\u00e1gnapja<\/title>\n<meta name=\"robots\" content=\"index, follow, max-snippet:-1, max-image-preview:large, max-video-preview:-1\" \/>\n<link rel=\"canonical\" href=\"https:\/\/hallasvilagnapja.hu\/hvn\/koszegi-kincso\/\" \/>\n<meta property=\"og:locale\" content=\"hu_HU\" \/>\n<meta property=\"og:type\" content=\"article\" \/>\n<meta property=\"og:title\" content=\"Ko\u030bszegi Kincso\u030b\" \/>\n<meta property=\"og:description\" content=\"nap \u00f3ra perc m\u00e1sodperc Ott leszek \u00e9n is! Ko\u030bszegi Kincso\u030b Az \u00e9n utam Facebook-f Twitter Google-plus-g Github Linkedin-in 2006.07.17. Amikor \u00e9desany\u00e1m terhes volt velem, akkor \u0151 \u00e9s \u00e9n vesz\u00e9lybe ker\u00fclt\u00fcnk, ez\u00e9rt s\u00fcrg\u0151s cs\u00e1sz\u00e1rmetsz\u00e9snek \u00e9s \u00e9pp akkor \u00fcgyel\u0151 doktornak k\u00f6sz\u00f6nhetj\u00fck, hogy most \u00e9l\u00fcnk. \u00cdgy elmes\u00e9lhetem a t\u00f6rt\u00e9netemet. Sz\u00fclet\u00e9sem ut\u00e1n nem mer\u00fclt fel, hogy teljes hall\u00e1ss\u00e9r\u00fclts\u00e9gem lenne. [&hellip;]\" \/>\n<meta property=\"og:url\" content=\"https:\/\/hallasvilagnapja.hu\/hvn\/koszegi-kincso\/\" \/>\n<meta property=\"og:site_name\" content=\"Hall\u00e1s Vil\u00e1gnapja\" \/>\n<meta property=\"article:published_time\" content=\"2026-03-03T13:24:09+00:00\" \/>\n<meta property=\"article:modified_time\" content=\"2026-03-05T17:42:10+00:00\" \/>\n<meta property=\"og:image\" content=\"https:\/\/hallasvilagnapja.hu\/hvn\/wp-content\/uploads\/2025\/01\/Hallas-vilagnapja-logo-e1738154213707.png\" \/>\n\t<meta property=\"og:image:width\" content=\"100\" \/>\n\t<meta property=\"og:image:height\" content=\"100\" \/>\n\t<meta property=\"og:image:type\" content=\"image\/png\" \/>\n<meta name=\"author\" content=\"V\u00e1mos Evelin\" \/>\n<meta name=\"twitter:card\" content=\"summary_large_image\" \/>\n<meta name=\"twitter:label1\" content=\"Szerz\u0151:\" \/>\n\t<meta name=\"twitter:data1\" content=\"V\u00e1mos Evelin\" \/>\n\t<meta name=\"twitter:label2\" content=\"Becs\u00fclt olvas\u00e1si id\u0151\" \/>\n\t<meta name=\"twitter:data2\" content=\"10 perc\" \/>\n<script type=\"application\/ld+json\" class=\"yoast-schema-graph\">{\"@context\":\"https:\\\/\\\/schema.org\",\"@graph\":[{\"@type\":\"Article\",\"@id\":\"https:\\\/\\\/hallasvilagnapja.hu\\\/hvn\\\/koszegi-kincso\\\/#article\",\"isPartOf\":{\"@id\":\"https:\\\/\\\/hallasvilagnapja.hu\\\/hvn\\\/koszegi-kincso\\\/\"},\"author\":{\"name\":\"V\u00e1mos Evelin\",\"@id\":\"https:\\\/\\\/hallasvilagnapja.hu\\\/hvn\\\/#\\\/schema\\\/person\\\/43586b0fd71b8fdbd4296b1c8ca58f0f\"},\"headline\":\"Ko\u030bszegi Kincso\u030b\",\"datePublished\":\"2026-03-03T13:24:09+00:00\",\"dateModified\":\"2026-03-05T17:42:10+00:00\",\"mainEntityOfPage\":{\"@id\":\"https:\\\/\\\/hallasvilagnapja.hu\\\/hvn\\\/koszegi-kincso\\\/\"},\"wordCount\":2382,\"publisher\":{\"@id\":\"https:\\\/\\\/hallasvilagnapja.hu\\\/hvn\\\/#organization\"},\"image\":{\"@id\":\"https:\\\/\\\/hallasvilagnapja.hu\\\/hvn\\\/koszegi-kincso\\\/#primaryimage\"},\"thumbnailUrl\":\"https:\\\/\\\/hallasvilagnapja.hu\\\/hvn\\\/wp-content\\\/uploads\\\/2025\\\/01\\\/Hallas-vilagnapja-logo-e1738154213707.png\",\"articleSection\":[\"Uncategorized\"],\"inLanguage\":\"hu\"},{\"@type\":\"WebPage\",\"@id\":\"https:\\\/\\\/hallasvilagnapja.hu\\\/hvn\\\/koszegi-kincso\\\/\",\"url\":\"https:\\\/\\\/hallasvilagnapja.hu\\\/hvn\\\/koszegi-kincso\\\/\",\"name\":\"Ko\u030bszegi Kincso\u030b - Hall\u00e1s Vil\u00e1gnapja\",\"isPartOf\":{\"@id\":\"https:\\\/\\\/hallasvilagnapja.hu\\\/hvn\\\/#website\"},\"primaryImageOfPage\":{\"@id\":\"https:\\\/\\\/hallasvilagnapja.hu\\\/hvn\\\/koszegi-kincso\\\/#primaryimage\"},\"image\":{\"@id\":\"https:\\\/\\\/hallasvilagnapja.hu\\\/hvn\\\/koszegi-kincso\\\/#primaryimage\"},\"thumbnailUrl\":\"https:\\\/\\\/hallasvilagnapja.hu\\\/hvn\\\/wp-content\\\/uploads\\\/2025\\\/01\\\/Hallas-vilagnapja-logo-e1738154213707.png\",\"datePublished\":\"2026-03-03T13:24:09+00:00\",\"dateModified\":\"2026-03-05T17:42:10+00:00\",\"breadcrumb\":{\"@id\":\"https:\\\/\\\/hallasvilagnapja.hu\\\/hvn\\\/koszegi-kincso\\\/#breadcrumb\"},\"inLanguage\":\"hu\",\"potentialAction\":[{\"@type\":\"ReadAction\",\"target\":[\"https:\\\/\\\/hallasvilagnapja.hu\\\/hvn\\\/koszegi-kincso\\\/\"]}]},{\"@type\":\"ImageObject\",\"inLanguage\":\"hu\",\"@id\":\"https:\\\/\\\/hallasvilagnapja.hu\\\/hvn\\\/koszegi-kincso\\\/#primaryimage\",\"url\":\"https:\\\/\\\/hallasvilagnapja.hu\\\/hvn\\\/wp-content\\\/uploads\\\/2025\\\/01\\\/Hallas-vilagnapja-logo-e1738154213707.png\",\"contentUrl\":\"https:\\\/\\\/hallasvilagnapja.hu\\\/hvn\\\/wp-content\\\/uploads\\\/2025\\\/01\\\/Hallas-vilagnapja-logo-e1738154213707.png\",\"width\":100,\"height\":100},{\"@type\":\"BreadcrumbList\",\"@id\":\"https:\\\/\\\/hallasvilagnapja.hu\\\/hvn\\\/koszegi-kincso\\\/#breadcrumb\",\"itemListElement\":[{\"@type\":\"ListItem\",\"position\":1,\"name\":\"Home\",\"item\":\"https:\\\/\\\/hallasvilagnapja.hu\\\/hvn\\\/\"},{\"@type\":\"ListItem\",\"position\":2,\"name\":\"Ko\u030bszegi Kincso\u030b\"}]},{\"@type\":\"WebSite\",\"@id\":\"https:\\\/\\\/hallasvilagnapja.hu\\\/hvn\\\/#website\",\"url\":\"https:\\\/\\\/hallasvilagnapja.hu\\\/hvn\\\/\",\"name\":\"Hall\u00e1s Vil\u00e1gnapja\",\"description\":\"Legyen a f\u00fcl- \u00e9s hall\u00e1sgondoz\u00e1s  mindenki sz\u00e1m\u00e1ra val\u00f3s\u00e1g!\",\"publisher\":{\"@id\":\"https:\\\/\\\/hallasvilagnapja.hu\\\/hvn\\\/#organization\"},\"potentialAction\":[{\"@type\":\"SearchAction\",\"target\":{\"@type\":\"EntryPoint\",\"urlTemplate\":\"https:\\\/\\\/hallasvilagnapja.hu\\\/hvn\\\/?s={search_term_string}\"},\"query-input\":{\"@type\":\"PropertyValueSpecification\",\"valueRequired\":true,\"valueName\":\"search_term_string\"}}],\"inLanguage\":\"hu\"},{\"@type\":\"Organization\",\"@id\":\"https:\\\/\\\/hallasvilagnapja.hu\\\/hvn\\\/#organization\",\"name\":\"Hall\u00e1s Vil\u00e1gnapja\",\"url\":\"https:\\\/\\\/hallasvilagnapja.hu\\\/hvn\\\/\",\"logo\":{\"@type\":\"ImageObject\",\"inLanguage\":\"hu\",\"@id\":\"https:\\\/\\\/hallasvilagnapja.hu\\\/hvn\\\/#\\\/schema\\\/logo\\\/image\\\/\",\"url\":\"https:\\\/\\\/hallasvilagnapja.hu\\\/hvn\\\/wp-content\\\/uploads\\\/2025\\\/01\\\/cropped-cropped-Hallas-vilagnapja-logo.png\",\"contentUrl\":\"https:\\\/\\\/hallasvilagnapja.hu\\\/hvn\\\/wp-content\\\/uploads\\\/2025\\\/01\\\/cropped-cropped-Hallas-vilagnapja-logo.png\",\"width\":800,\"height\":800,\"caption\":\"Hall\u00e1s Vil\u00e1gnapja\"},\"image\":{\"@id\":\"https:\\\/\\\/hallasvilagnapja.hu\\\/hvn\\\/#\\\/schema\\\/logo\\\/image\\\/\"}},{\"@type\":\"Person\",\"@id\":\"https:\\\/\\\/hallasvilagnapja.hu\\\/hvn\\\/#\\\/schema\\\/person\\\/43586b0fd71b8fdbd4296b1c8ca58f0f\",\"name\":\"V\u00e1mos Evelin\",\"image\":{\"@type\":\"ImageObject\",\"inLanguage\":\"hu\",\"@id\":\"https:\\\/\\\/secure.gravatar.com\\\/avatar\\\/8f5d3ee5093f1f2b2b441a8eb2be9152442f2de2e45e6767f0811c9c42422800?s=96&d=mm&r=g\",\"url\":\"https:\\\/\\\/secure.gravatar.com\\\/avatar\\\/8f5d3ee5093f1f2b2b441a8eb2be9152442f2de2e45e6767f0811c9c42422800?s=96&d=mm&r=g\",\"contentUrl\":\"https:\\\/\\\/secure.gravatar.com\\\/avatar\\\/8f5d3ee5093f1f2b2b441a8eb2be9152442f2de2e45e6767f0811c9c42422800?s=96&d=mm&r=g\",\"caption\":\"V\u00e1mos Evelin\"},\"url\":\"https:\\\/\\\/hallasvilagnapja.hu\\\/hvn\\\/author\\\/evelin\\\/\"}]}<\/script>\n<!-- \/ Yoast SEO Premium plugin. -->","yoast_head_json":{"title":"Ko\u030bszegi Kincso\u030b - Hall\u00e1s Vil\u00e1gnapja","robots":{"index":"index","follow":"follow","max-snippet":"max-snippet:-1","max-image-preview":"max-image-preview:large","max-video-preview":"max-video-preview:-1"},"canonical":"https:\/\/hallasvilagnapja.hu\/hvn\/koszegi-kincso\/","og_locale":"hu_HU","og_type":"article","og_title":"Ko\u030bszegi Kincso\u030b","og_description":"nap \u00f3ra perc m\u00e1sodperc Ott leszek \u00e9n is! Ko\u030bszegi Kincso\u030b Az \u00e9n utam Facebook-f Twitter Google-plus-g Github Linkedin-in 2006.07.17. Amikor \u00e9desany\u00e1m terhes volt velem, akkor \u0151 \u00e9s \u00e9n vesz\u00e9lybe ker\u00fclt\u00fcnk, ez\u00e9rt s\u00fcrg\u0151s cs\u00e1sz\u00e1rmetsz\u00e9snek \u00e9s \u00e9pp akkor \u00fcgyel\u0151 doktornak k\u00f6sz\u00f6nhetj\u00fck, hogy most \u00e9l\u00fcnk. \u00cdgy elmes\u00e9lhetem a t\u00f6rt\u00e9netemet. Sz\u00fclet\u00e9sem ut\u00e1n nem mer\u00fclt fel, hogy teljes hall\u00e1ss\u00e9r\u00fclts\u00e9gem lenne. [&hellip;]","og_url":"https:\/\/hallasvilagnapja.hu\/hvn\/koszegi-kincso\/","og_site_name":"Hall\u00e1s Vil\u00e1gnapja","article_published_time":"2026-03-03T13:24:09+00:00","article_modified_time":"2026-03-05T17:42:10+00:00","og_image":[{"width":100,"height":100,"url":"https:\/\/hallasvilagnapja.hu\/hvn\/wp-content\/uploads\/2025\/01\/Hallas-vilagnapja-logo-e1738154213707.png","type":"image\/png"}],"author":"V\u00e1mos Evelin","twitter_card":"summary_large_image","twitter_misc":{"Szerz\u0151:":"V\u00e1mos Evelin","Becs\u00fclt olvas\u00e1si id\u0151":"10 perc"},"schema":{"@context":"https:\/\/schema.org","@graph":[{"@type":"Article","@id":"https:\/\/hallasvilagnapja.hu\/hvn\/koszegi-kincso\/#article","isPartOf":{"@id":"https:\/\/hallasvilagnapja.hu\/hvn\/koszegi-kincso\/"},"author":{"name":"V\u00e1mos Evelin","@id":"https:\/\/hallasvilagnapja.hu\/hvn\/#\/schema\/person\/43586b0fd71b8fdbd4296b1c8ca58f0f"},"headline":"Ko\u030bszegi Kincso\u030b","datePublished":"2026-03-03T13:24:09+00:00","dateModified":"2026-03-05T17:42:10+00:00","mainEntityOfPage":{"@id":"https:\/\/hallasvilagnapja.hu\/hvn\/koszegi-kincso\/"},"wordCount":2382,"publisher":{"@id":"https:\/\/hallasvilagnapja.hu\/hvn\/#organization"},"image":{"@id":"https:\/\/hallasvilagnapja.hu\/hvn\/koszegi-kincso\/#primaryimage"},"thumbnailUrl":"https:\/\/hallasvilagnapja.hu\/hvn\/wp-content\/uploads\/2025\/01\/Hallas-vilagnapja-logo-e1738154213707.png","articleSection":["Uncategorized"],"inLanguage":"hu"},{"@type":"WebPage","@id":"https:\/\/hallasvilagnapja.hu\/hvn\/koszegi-kincso\/","url":"https:\/\/hallasvilagnapja.hu\/hvn\/koszegi-kincso\/","name":"Ko\u030bszegi Kincso\u030b - Hall\u00e1s Vil\u00e1gnapja","isPartOf":{"@id":"https:\/\/hallasvilagnapja.hu\/hvn\/#website"},"primaryImageOfPage":{"@id":"https:\/\/hallasvilagnapja.hu\/hvn\/koszegi-kincso\/#primaryimage"},"image":{"@id":"https:\/\/hallasvilagnapja.hu\/hvn\/koszegi-kincso\/#primaryimage"},"thumbnailUrl":"https:\/\/hallasvilagnapja.hu\/hvn\/wp-content\/uploads\/2025\/01\/Hallas-vilagnapja-logo-e1738154213707.png","datePublished":"2026-03-03T13:24:09+00:00","dateModified":"2026-03-05T17:42:10+00:00","breadcrumb":{"@id":"https:\/\/hallasvilagnapja.hu\/hvn\/koszegi-kincso\/#breadcrumb"},"inLanguage":"hu","potentialAction":[{"@type":"ReadAction","target":["https:\/\/hallasvilagnapja.hu\/hvn\/koszegi-kincso\/"]}]},{"@type":"ImageObject","inLanguage":"hu","@id":"https:\/\/hallasvilagnapja.hu\/hvn\/koszegi-kincso\/#primaryimage","url":"https:\/\/hallasvilagnapja.hu\/hvn\/wp-content\/uploads\/2025\/01\/Hallas-vilagnapja-logo-e1738154213707.png","contentUrl":"https:\/\/hallasvilagnapja.hu\/hvn\/wp-content\/uploads\/2025\/01\/Hallas-vilagnapja-logo-e1738154213707.png","width":100,"height":100},{"@type":"BreadcrumbList","@id":"https:\/\/hallasvilagnapja.hu\/hvn\/koszegi-kincso\/#breadcrumb","itemListElement":[{"@type":"ListItem","position":1,"name":"Home","item":"https:\/\/hallasvilagnapja.hu\/hvn\/"},{"@type":"ListItem","position":2,"name":"Ko\u030bszegi Kincso\u030b"}]},{"@type":"WebSite","@id":"https:\/\/hallasvilagnapja.hu\/hvn\/#website","url":"https:\/\/hallasvilagnapja.hu\/hvn\/","name":"Hall\u00e1s Vil\u00e1gnapja","description":"Legyen a f\u00fcl- \u00e9s hall\u00e1sgondoz\u00e1s  mindenki sz\u00e1m\u00e1ra val\u00f3s\u00e1g!","publisher":{"@id":"https:\/\/hallasvilagnapja.hu\/hvn\/#organization"},"potentialAction":[{"@type":"SearchAction","target":{"@type":"EntryPoint","urlTemplate":"https:\/\/hallasvilagnapja.hu\/hvn\/?s={search_term_string}"},"query-input":{"@type":"PropertyValueSpecification","valueRequired":true,"valueName":"search_term_string"}}],"inLanguage":"hu"},{"@type":"Organization","@id":"https:\/\/hallasvilagnapja.hu\/hvn\/#organization","name":"Hall\u00e1s Vil\u00e1gnapja","url":"https:\/\/hallasvilagnapja.hu\/hvn\/","logo":{"@type":"ImageObject","inLanguage":"hu","@id":"https:\/\/hallasvilagnapja.hu\/hvn\/#\/schema\/logo\/image\/","url":"https:\/\/hallasvilagnapja.hu\/hvn\/wp-content\/uploads\/2025\/01\/cropped-cropped-Hallas-vilagnapja-logo.png","contentUrl":"https:\/\/hallasvilagnapja.hu\/hvn\/wp-content\/uploads\/2025\/01\/cropped-cropped-Hallas-vilagnapja-logo.png","width":800,"height":800,"caption":"Hall\u00e1s Vil\u00e1gnapja"},"image":{"@id":"https:\/\/hallasvilagnapja.hu\/hvn\/#\/schema\/logo\/image\/"}},{"@type":"Person","@id":"https:\/\/hallasvilagnapja.hu\/hvn\/#\/schema\/person\/43586b0fd71b8fdbd4296b1c8ca58f0f","name":"V\u00e1mos Evelin","image":{"@type":"ImageObject","inLanguage":"hu","@id":"https:\/\/secure.gravatar.com\/avatar\/8f5d3ee5093f1f2b2b441a8eb2be9152442f2de2e45e6767f0811c9c42422800?s=96&d=mm&r=g","url":"https:\/\/secure.gravatar.com\/avatar\/8f5d3ee5093f1f2b2b441a8eb2be9152442f2de2e45e6767f0811c9c42422800?s=96&d=mm&r=g","contentUrl":"https:\/\/secure.gravatar.com\/avatar\/8f5d3ee5093f1f2b2b441a8eb2be9152442f2de2e45e6767f0811c9c42422800?s=96&d=mm&r=g","caption":"V\u00e1mos Evelin"},"url":"https:\/\/hallasvilagnapja.hu\/hvn\/author\/evelin\/"}]}},"_links":{"self":[{"href":"https:\/\/hallasvilagnapja.hu\/hvn\/wp-json\/wp\/v2\/posts\/1287","targetHints":{"allow":["GET"]}}],"collection":[{"href":"https:\/\/hallasvilagnapja.hu\/hvn\/wp-json\/wp\/v2\/posts"}],"about":[{"href":"https:\/\/hallasvilagnapja.hu\/hvn\/wp-json\/wp\/v2\/types\/post"}],"author":[{"embeddable":true,"href":"https:\/\/hallasvilagnapja.hu\/hvn\/wp-json\/wp\/v2\/users\/2"}],"replies":[{"embeddable":true,"href":"https:\/\/hallasvilagnapja.hu\/hvn\/wp-json\/wp\/v2\/comments?post=1287"}],"version-history":[{"count":13,"href":"https:\/\/hallasvilagnapja.hu\/hvn\/wp-json\/wp\/v2\/posts\/1287\/revisions"}],"predecessor-version":[{"id":1684,"href":"https:\/\/hallasvilagnapja.hu\/hvn\/wp-json\/wp\/v2\/posts\/1287\/revisions\/1684"}],"wp:attachment":[{"href":"https:\/\/hallasvilagnapja.hu\/hvn\/wp-json\/wp\/v2\/media?parent=1287"}],"wp:term":[{"taxonomy":"category","embeddable":true,"href":"https:\/\/hallasvilagnapja.hu\/hvn\/wp-json\/wp\/v2\/categories?post=1287"},{"taxonomy":"post_tag","embeddable":true,"href":"https:\/\/hallasvilagnapja.hu\/hvn\/wp-json\/wp\/v2\/tags?post=1287"}],"curies":[{"name":"wp","href":"https:\/\/api.w.org\/{rel}","templated":true}]}}