{"id":1311,"date":"2026-03-03T14:32:40","date_gmt":"2026-03-03T13:32:40","guid":{"rendered":"https:\/\/hallasvilagnapja.hu\/hvn\/?p=1311"},"modified":"2026-03-05T18:43:52","modified_gmt":"2026-03-05T17:43:52","slug":"lauer-tamas","status":"publish","type":"post","link":"https:\/\/hallasvilagnapja.hu\/hvn\/lauer-tamas\/","title":{"rendered":"Lauer Tam\u00e1s"},"content":{"rendered":"\t\t<div data-elementor-type=\"wp-post\" data-elementor-id=\"1311\" class=\"elementor elementor-1311\" data-elementor-post-type=\"post\">\n\t\t\t\t<div class=\"elementor-element elementor-element-1f614f5f e-flex e-con-boxed e-con e-parent\" data-id=\"1f614f5f\" data-element_type=\"container\" data-e-type=\"container\">\n\t\t\t\t\t<div class=\"e-con-inner\">\n\t\t<div class=\"elementor-element elementor-element-38bb3344 e-con-full e-flex e-con e-child\" data-id=\"38bb3344\" data-element_type=\"container\" data-e-type=\"container\">\n\t\t\t\t<div class=\"elementor-element elementor-element-6be984c4 elementor-widget elementor-widget-image\" data-id=\"6be984c4\" data-element_type=\"widget\" data-e-type=\"widget\" data-widget_type=\"image.default\">\n\t\t\t\t<div class=\"elementor-widget-container\">\n\t\t\t\t\t\t\t\t\t\t\t\t\t\t\t<img decoding=\"async\" width=\"100\" height=\"100\" src=\"https:\/\/hallasvilagnapja.hu\/hvn\/wp-content\/uploads\/2025\/01\/Hallas-vilagnapja-logo-e1738154213707.png\" class=\"attachment-large size-large wp-image-71\" alt=\"\" \/>\t\t\t\t\t\t\t\t\t\t\t\t\t\t\t<\/div>\n\t\t\t\t<\/div>\n\t\t\t\t<\/div>\n\t\t<div class=\"elementor-element elementor-element-70b149d9 e-con-full e-flex e-con e-child\" data-id=\"70b149d9\" data-element_type=\"container\" data-e-type=\"container\">\n\t\t\t\t<div class=\"elementor-element elementor-element-6ef2278b elementor-countdown--label-block elementor-widget elementor-widget-countdown\" data-id=\"6ef2278b\" data-element_type=\"widget\" data-e-type=\"widget\" data-widget_type=\"countdown.default\">\n\t\t\t\t<div class=\"elementor-widget-container\">\n\t\t\t\t\t\t\t<div data-expire-actions=\"[{&quot;type&quot;:&quot;hide&quot;}]\" class=\"elementor-countdown-wrapper\" data-date=\"1772874000\">\n\t\t\t<div class=\"elementor-countdown-item\"><span class=\"elementor-countdown-digits elementor-countdown-days\"><\/span> <span class=\"elementor-countdown-label\">nap<\/span><\/div><div class=\"elementor-countdown-item\"><span class=\"elementor-countdown-digits elementor-countdown-hours\"><\/span> <span class=\"elementor-countdown-label\">\u00f3ra<\/span><\/div><div class=\"elementor-countdown-item\"><span class=\"elementor-countdown-digits elementor-countdown-minutes\"><\/span> <span class=\"elementor-countdown-label\">perc<\/span><\/div><div class=\"elementor-countdown-item\"><span class=\"elementor-countdown-digits elementor-countdown-seconds\"><\/span> <span class=\"elementor-countdown-label\">m\u00e1sodperc<\/span><\/div>\t\t<\/div>\n\t\t\t\t\t\t<\/div>\n\t\t\t\t<\/div>\n\t\t\t\t<\/div>\n\t\t\t\t\t<\/div>\n\t\t\t\t<\/div>\n\t\t\t\t<section class=\"elementor-section elementor-top-section elementor-element elementor-element-52651a5f elementor-section-boxed elementor-section-height-default elementor-section-height-default\" data-id=\"52651a5f\" data-element_type=\"section\" data-e-type=\"section\" data-settings=\"{&quot;background_background&quot;:&quot;classic&quot;}\">\n\t\t\t\t\t\t<div class=\"elementor-container elementor-column-gap-default\">\n\t\t\t\t\t<div class=\"elementor-column elementor-col-50 elementor-top-column elementor-element elementor-element-30363ced\" data-id=\"30363ced\" data-element_type=\"column\" data-e-type=\"column\">\n\t\t\t<div class=\"elementor-widget-wrap elementor-element-populated\">\n\t\t\t\t\t\t<div class=\"elementor-element elementor-element-1ecf98b5 elementor-nav-menu__align-start elementor-widget__width-initial elementor-nav-menu--dropdown-tablet elementor-nav-menu__text-align-aside elementor-nav-menu--toggle elementor-nav-menu--burger elementor-widget elementor-widget-nav-menu\" data-id=\"1ecf98b5\" data-element_type=\"widget\" data-e-type=\"widget\" data-settings=\"{&quot;submenu_icon&quot;:{&quot;value&quot;:&quot;&lt;svg aria-hidden=\\&quot;true\\&quot; class=\\&quot;fa-svg-chevron-down e-font-icon-svg e-fas-chevron-down\\&quot; viewBox=\\&quot;0 0 448 512\\&quot; xmlns=\\&quot;http:\\\/\\\/www.w3.org\\\/2000\\\/svg\\&quot;&gt;&lt;path d=\\&quot;M207.029 381.476L12.686 187.132c-9.373-9.373-9.373-24.569 0-33.941l22.667-22.667c9.357-9.357 24.522-9.375 33.901-.04L224 284.505l154.745-154.021c9.379-9.335 24.544-9.317 33.901.04l22.667 22.667c9.373 9.373 9.373 24.569 0 33.941L240.971 381.476c-9.373 9.372-24.569 9.372-33.942 0z\\&quot;&gt;&lt;\\\/path&gt;&lt;\\\/svg&gt;&quot;,&quot;library&quot;:&quot;fa-solid&quot;},&quot;layout&quot;:&quot;horizontal&quot;,&quot;toggle&quot;:&quot;burger&quot;}\" data-widget_type=\"nav-menu.default\">\n\t\t\t\t<div class=\"elementor-widget-container\">\n\t\t\t\t\t\t\t\t<nav aria-label=\"Men\u00fc\" class=\"elementor-nav-menu--main elementor-nav-menu__container elementor-nav-menu--layout-horizontal e--pointer-overline e--animation-fade\">\n\t\t\t\t<ul id=\"menu-1-1ecf98b5\" class=\"elementor-nav-menu\"><li class=\"menu-item menu-item-type-custom menu-item-object-custom menu-item-home menu-item-554\"><a href=\"https:\/\/hallasvilagnapja.hu\/hvn\" class=\"elementor-item\">Hall\u00e1s Vil\u00e1gnapja<\/a><\/li>\n<li class=\"menu-item menu-item-type-post_type menu-item-object-page menu-item-1145\"><a href=\"https:\/\/hallasvilagnapja.hu\/hvn\/hearx-terem-2026\/\" class=\"elementor-item\">HEARx konferencia<\/a><\/li>\n<li class=\"menu-item menu-item-type-post_type menu-item-object-page menu-item-1149\"><a href=\"https:\/\/hallasvilagnapja.hu\/hvn\/hallasrehabilitacio-2026\/\" class=\"elementor-item\">Hall\u00e1srehabilit\u00e1ci\u00f3 2026<\/a><\/li>\n<li class=\"menu-item menu-item-type-post_type menu-item-object-page menu-item-1486\"><a href=\"https:\/\/hallasvilagnapja.hu\/hvn\/hallasserult-nagykovetek-2026\/\" class=\"elementor-item\">Hall\u00e1ss\u00e9r\u00fclt Nagyk\u00f6vet<\/a><\/li>\n<\/ul>\t\t\t<\/nav>\n\t\t\t\t\t<div class=\"elementor-menu-toggle\" role=\"button\" tabindex=\"0\" aria-label=\"Men\u00fc kapcsol\u00f3\" aria-expanded=\"false\">\n\t\t\t<svg aria-hidden=\"true\" role=\"presentation\" class=\"elementor-menu-toggle__icon--open e-font-icon-svg e-eicon-menu-bar\" viewBox=\"0 0 1000 1000\" xmlns=\"http:\/\/www.w3.org\/2000\/svg\"><path d=\"M104 333H896C929 333 958 304 958 271S929 208 896 208H104C71 208 42 237 42 271S71 333 104 333ZM104 583H896C929 583 958 554 958 521S929 458 896 458H104C71 458 42 487 42 521S71 583 104 583ZM104 833H896C929 833 958 804 958 771S929 708 896 708H104C71 708 42 737 42 771S71 833 104 833Z\"><\/path><\/svg><svg aria-hidden=\"true\" role=\"presentation\" class=\"elementor-menu-toggle__icon--close e-font-icon-svg e-eicon-close\" viewBox=\"0 0 1000 1000\" xmlns=\"http:\/\/www.w3.org\/2000\/svg\"><path d=\"M742 167L500 408 258 167C246 154 233 150 217 150 196 150 179 158 167 167 154 179 150 196 150 212 150 229 154 242 171 254L408 500 167 742C138 771 138 800 167 829 196 858 225 858 254 829L496 587 738 829C750 842 767 846 783 846 800 846 817 842 829 829 842 817 846 804 846 783 846 767 842 750 829 737L588 500 833 258C863 229 863 200 833 171 804 137 775 137 742 167Z\"><\/path><\/svg>\t\t<\/div>\n\t\t\t\t\t<nav class=\"elementor-nav-menu--dropdown elementor-nav-menu__container\" aria-hidden=\"true\">\n\t\t\t\t<ul id=\"menu-2-1ecf98b5\" class=\"elementor-nav-menu\"><li class=\"menu-item menu-item-type-custom menu-item-object-custom menu-item-home menu-item-554\"><a href=\"https:\/\/hallasvilagnapja.hu\/hvn\" class=\"elementor-item\" tabindex=\"-1\">Hall\u00e1s Vil\u00e1gnapja<\/a><\/li>\n<li class=\"menu-item menu-item-type-post_type menu-item-object-page menu-item-1145\"><a href=\"https:\/\/hallasvilagnapja.hu\/hvn\/hearx-terem-2026\/\" class=\"elementor-item\" tabindex=\"-1\">HEARx konferencia<\/a><\/li>\n<li class=\"menu-item menu-item-type-post_type menu-item-object-page menu-item-1149\"><a href=\"https:\/\/hallasvilagnapja.hu\/hvn\/hallasrehabilitacio-2026\/\" class=\"elementor-item\" tabindex=\"-1\">Hall\u00e1srehabilit\u00e1ci\u00f3 2026<\/a><\/li>\n<li class=\"menu-item menu-item-type-post_type menu-item-object-page menu-item-1486\"><a href=\"https:\/\/hallasvilagnapja.hu\/hvn\/hallasserult-nagykovetek-2026\/\" class=\"elementor-item\" tabindex=\"-1\">Hall\u00e1ss\u00e9r\u00fclt Nagyk\u00f6vet<\/a><\/li>\n<\/ul>\t\t\t<\/nav>\n\t\t\t\t\t\t<\/div>\n\t\t\t\t<\/div>\n\t\t\t\t\t<\/div>\n\t\t<\/div>\n\t\t\t\t<div class=\"elementor-column elementor-col-50 elementor-top-column elementor-element elementor-element-3a25bc31\" data-id=\"3a25bc31\" data-element_type=\"column\" data-e-type=\"column\">\n\t\t\t<div class=\"elementor-widget-wrap elementor-element-populated\">\n\t\t\t\t\t\t<section class=\"elementor-section elementor-inner-section elementor-element elementor-element-2664d834 elementor-hidden-mobile elementor-section-boxed elementor-section-height-default elementor-section-height-default\" data-id=\"2664d834\" data-element_type=\"section\" data-e-type=\"section\">\n\t\t\t\t\t\t<div class=\"elementor-container elementor-column-gap-no\">\n\t\t\t\t\t<div class=\"elementor-column elementor-col-100 elementor-inner-column elementor-element elementor-element-24be34af\" data-id=\"24be34af\" data-element_type=\"column\" data-e-type=\"column\">\n\t\t\t<div class=\"elementor-widget-wrap elementor-element-populated\">\n\t\t\t\t\t\t<div class=\"elementor-element elementor-element-55edb331 animated-fast elementor-align-right elementor-mobile-align-center elementor-button-warning elementor-widget__width-initial elementor-widget-tablet__width-initial elementor-invisible elementor-widget elementor-widget-button\" data-id=\"55edb331\" data-element_type=\"widget\" data-e-type=\"widget\" data-settings=\"{&quot;_animation&quot;:&quot;fadeIn&quot;}\" data-widget_type=\"button.default\">\n\t\t\t\t<div class=\"elementor-widget-container\">\n\t\t\t\t\t\t\t\t\t<div class=\"elementor-button-wrapper\">\n\t\t\t\t\t<a class=\"elementor-button elementor-button-link elementor-size-sm\" href=\"https:\/\/ottleszek.sinosz.hu\/esemeny\/hallas-vilagnapja-2025\" target=\"_blank\" rel=\"nofollow\">\n\t\t\t\t\t\t<span class=\"elementor-button-content-wrapper\">\n\t\t\t\t\t\t\t\t\t<span class=\"elementor-button-text\">Ott leszek \u00e9n is!<\/span>\n\t\t\t\t\t<\/span>\n\t\t\t\t\t<\/a>\n\t\t\t\t<\/div>\n\t\t\t\t\t\t\t\t<\/div>\n\t\t\t\t<\/div>\n\t\t\t\t\t<\/div>\n\t\t<\/div>\n\t\t\t\t\t<\/div>\n\t\t<\/section>\n\t\t\t\t\t<\/div>\n\t\t<\/div>\n\t\t\t\t\t<\/div>\n\t\t<\/section>\n\t\t\t\t<section class=\"elementor-section elementor-top-section elementor-element elementor-element-6cb601b9 elementor-section-full_width elementor-section-height-min-height elementor-section-items-stretch elementor-section-height-default\" data-id=\"6cb601b9\" data-element_type=\"section\" data-e-type=\"section\" data-settings=\"{&quot;background_background&quot;:&quot;classic&quot;}\">\n\t\t\t\t\t\t<div class=\"elementor-container elementor-column-gap-default\">\n\t\t\t\t\t<div class=\"elementor-column elementor-col-100 elementor-top-column elementor-element elementor-element-d1dcee0\" data-id=\"d1dcee0\" data-element_type=\"column\" data-e-type=\"column\">\n\t\t\t<div class=\"elementor-widget-wrap\">\n\t\t\t\t\t\t\t<\/div>\n\t\t<\/div>\n\t\t\t\t\t<\/div>\n\t\t<\/section>\n\t\t\t\t<section class=\"elementor-section elementor-top-section elementor-element elementor-element-7341d02e elementor-section-stretched elementor-section-content-middle elementor-section-boxed elementor-section-height-default elementor-section-height-default\" data-id=\"7341d02e\" data-element_type=\"section\" data-e-type=\"section\" data-settings=\"{&quot;stretch_section&quot;:&quot;section-stretched&quot;,&quot;background_background&quot;:&quot;classic&quot;}\">\n\t\t\t\t\t\t<div class=\"elementor-container elementor-column-gap-no\">\n\t\t\t\t\t<div class=\"elementor-column elementor-col-100 elementor-top-column elementor-element elementor-element-3e987959\" data-id=\"3e987959\" data-element_type=\"column\" data-e-type=\"column\">\n\t\t\t<div class=\"elementor-widget-wrap elementor-element-populated\">\n\t\t\t\t\t\t<section class=\"elementor-section elementor-inner-section elementor-element elementor-element-2160ea85 elementor-section-content-middle elementor-section-boxed elementor-section-height-default elementor-section-height-default\" data-id=\"2160ea85\" data-element_type=\"section\" data-e-type=\"section\">\n\t\t\t\t\t\t<div class=\"elementor-container elementor-column-gap-default\">\n\t\t\t\t\t<div class=\"elementor-column elementor-col-100 elementor-inner-column elementor-element elementor-element-61570b7f\" data-id=\"61570b7f\" data-element_type=\"column\" data-e-type=\"column\">\n\t\t\t<div class=\"elementor-widget-wrap elementor-element-populated\">\n\t\t\t\t\t\t<div class=\"elementor-element elementor-element-2213f2c0 elementor-widget elementor-widget-heading\" data-id=\"2213f2c0\" data-element_type=\"widget\" data-e-type=\"widget\" data-widget_type=\"heading.default\">\n\t\t\t\t<div class=\"elementor-widget-container\">\n\t\t\t\t\t<h2 class=\"elementor-heading-title elementor-size-default\">Lauer Tam\u00e1s<\/h2>\t\t\t\t<\/div>\n\t\t\t\t<\/div>\n\t\t\t\t\t<\/div>\n\t\t<\/div>\n\t\t\t\t\t<\/div>\n\t\t<\/section>\n\t\t\t\t\t<\/div>\n\t\t<\/div>\n\t\t\t\t\t<\/div>\n\t\t<\/section>\n\t\t\t\t<div class=\"elementor-section elementor-top-section elementor-element elementor-element-651d30f8 elementor-section-stretched elementor-section-content-middle elementor-section-boxed elementor-section-height-default elementor-section-height-default\" data-id=\"651d30f8\" data-element_type=\"section\" data-e-type=\"section\" data-settings=\"{&quot;stretch_section&quot;:&quot;section-stretched&quot;}\">\n\t\t\t\t\t\t<div class=\"elementor-container elementor-column-gap-default\">\n\t\t\t\t\t<div class=\"elementor-column elementor-col-100 elementor-top-column elementor-element elementor-element-6b2f24fd\" data-id=\"6b2f24fd\" data-element_type=\"column\" data-e-type=\"column\">\n\t\t\t<div class=\"elementor-widget-wrap elementor-element-populated\">\n\t\t\t\t\t\t<div class=\"elementor-element elementor-element-12b92b88 elementor-invisible elementor-widget elementor-widget-heading\" data-id=\"12b92b88\" data-element_type=\"widget\" data-e-type=\"widget\" data-settings=\"{&quot;_animation&quot;:&quot;fadeInUp&quot;}\" data-widget_type=\"heading.default\">\n\t\t\t\t<div class=\"elementor-widget-container\">\n\t\t\t\t\t<h2 class=\"elementor-heading-title elementor-size-default\">Tot\u00f3<\/h2>\t\t\t\t<\/div>\n\t\t\t\t<\/div>\n\t\t\t\t<div class=\"elementor-element elementor-element-5efb0e3 elementor-shape-square e-grid-align-left elementor-grid-0 elementor-invisible elementor-widget elementor-widget-social-icons\" data-id=\"5efb0e3\" data-element_type=\"widget\" data-e-type=\"widget\" data-settings=\"{&quot;_animation&quot;:&quot;fadeInUp&quot;,&quot;_animation_delay&quot;:200}\" data-widget_type=\"social-icons.default\">\n\t\t\t\t<div class=\"elementor-widget-container\">\n\t\t\t\t\t\t\t<div class=\"elementor-social-icons-wrapper elementor-grid\" role=\"list\">\n\t\t\t\t\t\t\t<span class=\"elementor-grid-item\" role=\"listitem\">\n\t\t\t\t\t<a class=\"elementor-icon elementor-social-icon elementor-social-icon-facebook-f elementor-repeater-item-c47b00f\" target=\"_blank\">\n\t\t\t\t\t\t<span class=\"elementor-screen-only\">Facebook-f<\/span>\n\t\t\t\t\t\t<svg aria-hidden=\"true\" class=\"e-font-icon-svg e-fab-facebook-f\" viewBox=\"0 0 320 512\" xmlns=\"http:\/\/www.w3.org\/2000\/svg\"><path d=\"M279.14 288l14.22-92.66h-88.91v-60.13c0-25.35 12.42-50.06 52.24-50.06h40.42V6.26S260.43 0 225.36 0c-73.22 0-121.08 44.38-121.08 124.72v70.62H22.89V288h81.39v224h100.17V288z\"><\/path><\/svg>\t\t\t\t\t<\/a>\n\t\t\t\t<\/span>\n\t\t\t\t\t\t\t<span class=\"elementor-grid-item\" role=\"listitem\">\n\t\t\t\t\t<a class=\"elementor-icon elementor-social-icon elementor-social-icon-twitter elementor-repeater-item-871ea85\" target=\"_blank\">\n\t\t\t\t\t\t<span class=\"elementor-screen-only\">Twitter<\/span>\n\t\t\t\t\t\t<svg aria-hidden=\"true\" class=\"e-font-icon-svg e-fab-twitter\" viewBox=\"0 0 512 512\" xmlns=\"http:\/\/www.w3.org\/2000\/svg\"><path d=\"M459.37 151.716c.325 4.548.325 9.097.325 13.645 0 138.72-105.583 298.558-298.558 298.558-59.452 0-114.68-17.219-161.137-47.106 8.447.974 16.568 1.299 25.34 1.299 49.055 0 94.213-16.568 130.274-44.832-46.132-.975-84.792-31.188-98.112-72.772 6.498.974 12.995 1.624 19.818 1.624 9.421 0 18.843-1.3 27.614-3.573-48.081-9.747-84.143-51.98-84.143-102.985v-1.299c13.969 7.797 30.214 12.67 47.431 13.319-28.264-18.843-46.781-51.005-46.781-87.391 0-19.492 5.197-37.36 14.294-52.954 51.655 63.675 129.3 105.258 216.365 109.807-1.624-7.797-2.599-15.918-2.599-24.04 0-57.828 46.782-104.934 104.934-104.934 30.213 0 57.502 12.67 76.67 33.137 23.715-4.548 46.456-13.32 66.599-25.34-7.798 24.366-24.366 44.833-46.132 57.827 21.117-2.273 41.584-8.122 60.426-16.243-14.292 20.791-32.161 39.308-52.628 54.253z\"><\/path><\/svg>\t\t\t\t\t<\/a>\n\t\t\t\t<\/span>\n\t\t\t\t\t\t\t<span class=\"elementor-grid-item\" role=\"listitem\">\n\t\t\t\t\t<a class=\"elementor-icon elementor-social-icon elementor-social-icon-google-plus-g elementor-repeater-item-3d91771\" target=\"_blank\">\n\t\t\t\t\t\t<span class=\"elementor-screen-only\">Google-plus-g<\/span>\n\t\t\t\t\t\t<svg aria-hidden=\"true\" class=\"e-font-icon-svg e-fab-google-plus-g\" viewBox=\"0 0 640 512\" xmlns=\"http:\/\/www.w3.org\/2000\/svg\"><path d=\"M386.061 228.496c1.834 9.692 3.143 19.384 3.143 31.956C389.204 370.205 315.599 448 204.8 448c-106.084 0-192-85.915-192-192s85.916-192 192-192c51.864 0 95.083 18.859 128.611 50.292l-52.126 50.03c-14.145-13.621-39.028-29.599-76.485-29.599-65.484 0-118.92 54.221-118.92 121.277 0 67.056 53.436 121.277 118.92 121.277 75.961 0 104.513-54.745 108.965-82.773H204.8v-66.009h181.261zm185.406 6.437V179.2h-56.001v55.733h-55.733v56.001h55.733v55.733h56.001v-55.733H627.2v-56.001h-55.733z\"><\/path><\/svg>\t\t\t\t\t<\/a>\n\t\t\t\t<\/span>\n\t\t\t\t\t\t\t<span class=\"elementor-grid-item\" role=\"listitem\">\n\t\t\t\t\t<a class=\"elementor-icon elementor-social-icon elementor-social-icon-github elementor-repeater-item-bb617e3\" target=\"_blank\">\n\t\t\t\t\t\t<span class=\"elementor-screen-only\">Github<\/span>\n\t\t\t\t\t\t<svg aria-hidden=\"true\" class=\"e-font-icon-svg e-fab-github\" viewBox=\"0 0 496 512\" xmlns=\"http:\/\/www.w3.org\/2000\/svg\"><path d=\"M165.9 397.4c0 2-2.3 3.6-5.2 3.6-3.3.3-5.6-1.3-5.6-3.6 0-2 2.3-3.6 5.2-3.6 3-.3 5.6 1.3 5.6 3.6zm-31.1-4.5c-.7 2 1.3 4.3 4.3 4.9 2.6 1 5.6 0 6.2-2s-1.3-4.3-4.3-5.2c-2.6-.7-5.5.3-6.2 2.3zm44.2-1.7c-2.9.7-4.9 2.6-4.6 4.9.3 2 2.9 3.3 5.9 2.6 2.9-.7 4.9-2.6 4.6-4.6-.3-1.9-3-3.2-5.9-2.9zM244.8 8C106.1 8 0 113.3 0 252c0 110.9 69.8 205.8 169.5 239.2 12.8 2.3 17.3-5.6 17.3-12.1 0-6.2-.3-40.4-.3-61.4 0 0-70 15-84.7-29.8 0 0-11.4-29.1-27.8-36.6 0 0-22.9-15.7 1.6-15.4 0 0 24.9 2 38.6 25.8 21.9 38.6 58.6 27.5 72.9 20.9 2.3-16 8.8-27.1 16-33.7-55.9-6.2-112.3-14.3-112.3-110.5 0-27.5 7.6-41.3 23.6-58.9-2.6-6.5-11.1-33.3 2.6-67.9 20.9-6.5 69 27 69 27 20-5.6 41.5-8.5 62.8-8.5s42.8 2.9 62.8 8.5c0 0 48.1-33.6 69-27 13.7 34.7 5.2 61.4 2.6 67.9 16 17.7 25.8 31.5 25.8 58.9 0 96.5-58.9 104.2-114.8 110.5 9.2 7.9 17 22.9 17 46.4 0 33.7-.3 75.4-.3 83.6 0 6.5 4.6 14.4 17.3 12.1C428.2 457.8 496 362.9 496 252 496 113.3 383.5 8 244.8 8zM97.2 352.9c-1.3 1-1 3.3.7 5.2 1.6 1.6 3.9 2.3 5.2 1 1.3-1 1-3.3-.7-5.2-1.6-1.6-3.9-2.3-5.2-1zm-10.8-8.1c-.7 1.3.3 2.9 2.3 3.9 1.6 1 3.6.7 4.3-.7.7-1.3-.3-2.9-2.3-3.9-2-.6-3.6-.3-4.3.7zm32.4 35.6c-1.6 1.3-1 4.3 1.3 6.2 2.3 2.3 5.2 2.6 6.5 1 1.3-1.3.7-4.3-1.3-6.2-2.2-2.3-5.2-2.6-6.5-1zm-11.4-14.7c-1.6 1-1.6 3.6 0 5.9 1.6 2.3 4.3 3.3 5.6 2.3 1.6-1.3 1.6-3.9 0-6.2-1.4-2.3-4-3.3-5.6-2z\"><\/path><\/svg>\t\t\t\t\t<\/a>\n\t\t\t\t<\/span>\n\t\t\t\t\t\t\t<span class=\"elementor-grid-item\" role=\"listitem\">\n\t\t\t\t\t<a class=\"elementor-icon elementor-social-icon elementor-social-icon-linkedin-in elementor-repeater-item-f4e8543\" target=\"_blank\">\n\t\t\t\t\t\t<span class=\"elementor-screen-only\">Linkedin-in<\/span>\n\t\t\t\t\t\t<svg aria-hidden=\"true\" class=\"e-font-icon-svg e-fab-linkedin-in\" viewBox=\"0 0 448 512\" xmlns=\"http:\/\/www.w3.org\/2000\/svg\"><path d=\"M100.28 448H7.4V148.9h92.88zM53.79 108.1C24.09 108.1 0 83.5 0 53.8a53.79 53.79 0 0 1 107.58 0c0 29.7-24.1 54.3-53.79 54.3zM447.9 448h-92.68V302.4c0-34.7-.7-79.2-48.29-79.2-48.29 0-55.69 37.7-55.69 76.7V448h-92.78V148.9h89.08v40.8h1.3c12.4-23.5 42.69-48.3 87.88-48.3 94 0 111.28 61.9 111.28 142.3V448z\"><\/path><\/svg>\t\t\t\t\t<\/a>\n\t\t\t\t<\/span>\n\t\t\t\t\t<\/div>\n\t\t\t\t\t\t<\/div>\n\t\t\t\t<\/div>\n\t\t\t\t<div class=\"elementor-element elementor-element-27500643 elementor-invisible elementor-widget elementor-widget-text-editor\" data-id=\"27500643\" data-element_type=\"widget\" data-e-type=\"widget\" data-settings=\"{&quot;_animation&quot;:&quot;fadeInUp&quot;,&quot;_animation_delay&quot;:300}\" data-widget_type=\"text-editor.default\">\n\t\t\t\t<div class=\"elementor-widget-container\">\n\t\t\t\t\t\t\t\t\t<h1><b>Prol\u00f3gus<\/b><\/h1><p><span style=\"font-weight: 400;\">A tot\u00f3 sz\u00f3r\u00f3l legt\u00f6bbeknek a szerencsej\u00e1t\u00e9k jut esz\u00e9be, ahol 13+1 focimeccs eredm\u00e9ny\u00e9t kell megtippelni. Nekem azonban mindig is \u00d3z, a nagy var\u00e1zsl\u00f3 t\u00f6rt\u00e9net\u00e9t id\u00e9zi fel, benne Dorka h\u0171s\u00e9ges kiskuty\u00e1j\u00e1val, Tot\u00f3val. A kis fekete eb, aki besz\u00e9lni is tudott \u2013 sz\u00e1momra ez valahogy teljesen term\u00e9szetes volt gyerekk\u00e9nt. De most egy m\u00e1sik Tot\u00f3r\u00f3l szeretn\u00e9k mes\u00e9lni.<\/span><\/p><h1><b>Hangorsz\u00e1g<\/b><\/h1><p><span style=\"font-weight: 400;\">Egyszer volt, hol nem volt, Hangorsz\u00e1g sz\u00edv\u00e9ben \u00e9lt egy kisfi\u00fa, Tot\u00f3. Szeret\u0151 csal\u00e1d vette k\u00f6r\u00fcl: sz\u00fclei minden este mes\u00e9t olvastak neki, testv\u00e9reivel nap mint nap j\u00e1tszottak, besz\u00e9lgettek, \u00e9nekeltek, nevetg\u00e9ltek. Nagymam\u00e1ja k\u00fcl\u00f6n\u00f6sen sok id\u0151t t\u00f6lt\u00f6tt vele \u2013 kik\u00e9rdezte a leck\u00e9t, t\u00fcrelmesen magyar\u00e1zott, \u00e9s rengeteget k\u00e1rty\u00e1ztak egy\u00fctt. A h\u00e1z egyik szob\u00e1j\u00e1ban pedig egy csod\u00e1latos, h\u00e1roml\u00e1b\u00fa l\u00e9ny lakott: egy hangszer, amelyet a testv\u00e9rei gyakran sz\u00f3ra b\u00edrtak. Ilyenkor mennyei muzsika t\u00f6lt\u00f6tte be az otthonukat, mintha maga Hangorsz\u00e1g l\u00e9legzett volna.<\/span><\/p><p><span style=\"font-weight: 400;\">Tot\u00f3 is v\u00e1gyott r\u00e1, hogy egyszer megsz\u00f3laltathassa ezt a nagymam\u00e1t\u00f3l \u00f6r\u00f6k\u00f6lt csod\u00e1t. \u00c9s a v\u00e1gy hamar val\u00f3ra v\u00e1lt. B\u00e1tyja t\u00fcrelmesen tan\u00edtotta, \u00e9s Tot\u00f3 hamarosan m\u00e1r egyed\u00fcl is k\u00e9pes volt vezetni a k\u00f6z\u00f6ss\u00e9gi \u00e9neket. Oklevelet is kapott \u00e9rte \u2013 pedig m\u00e9g alig fejezte be a nyolc \u00e1ltal\u00e1nost.<\/span><\/p><p><span style=\"font-weight: 400;\">A sz\u00e1mok vil\u00e1ga is vonzotta. Szerette figyelni, rendszerezni a k\u00f6r\u00fcl\u00f6tte l\u00e9v\u0151 dolgokat, \u00e9s k\u00fcl\u00f6n\u00f6s otthonoss\u00e1ggal mozgott a kettes sz\u00e1mrendszerben. Mintha a vil\u00e1g titkos ritmus\u00e1t is hallotta volna benne.<\/span><\/p><p><span style=\"font-weight: 400;\">A p\u00e1lyav\u00e1laszt\u00e1sn\u00e1l sz\u00fclei n\u00e9pnevel\u0151i m\u00faltja, a zene ir\u00e1nti szeretete \u00e9s a sz\u00e1mok ir\u00e1nti vonzalma egy\u00fctt mutatt\u00e1k az ir\u00e1nyt. B\u00e1r a gimn\u00e1ziumban a matektan\u00e1rral akadtak gondjai, \u00e9s a felv\u00e9teli pap\u00edrj\u00e1ra nem is \u00edrt\u00e1k r\u00e1, hogy aj\u00e1nlj\u00e1k matematika szakra. Ennek ellen\u00e9re emeltszinten kit\u0171n\u0151 felv\u00e9telit \u00edrt matekb\u00f3l. Ezzel v\u00e9ve el\u00e9gt\u00e9telt a kettes matematika \u00e9rdemtelen jegy\u00e9rt.\u00a0<\/span><\/p><p><span style=\"font-weight: 400;\">\u00c1m m\u00e1s akad\u00e1lyok is j\u00f6ttek. A p\u00e1lyaalkalmass\u00e1gi vizsg\u00e1laton hall\u00e1svizsg\u00e1latot tartottak \u2013 egy zajos teremben, ahol f\u00fclhallgat\u00f3n kereszt\u00fcl hallott hangokat kellett jeleznie. A k\u00f6r\u00fcl\u00f6tte zsong\u00f3 di\u00e1kok miatt nem tudta, mit is kellene hallania. \u00cdgy elk\u00fcldt\u00e9k alaposabb vizsg\u00e1latra, mert azt hitt\u00e9k, rossz a hall\u00e1sa. \u00cdgy k\u00e9sz\u00fclt egy audiogram, mely azt bizony\u00edtotta, hogy ekkor m\u00e9g t\u00f6k\u00e9letes volt a hall\u00e1sa.<\/span><\/p><p><span style=\"font-weight: 400;\">\u00c9vekig \u00e9nekelt a gimn\u00e1zium k\u00f3rus\u00e1ban. Sok orsz\u00e1gban vend\u00e9gszerepeltek, de a Zeneakad\u00e9miai felv\u00e9telin r\u00e1 kellett d\u00f6bbennie: nem k\u00e9pes, \u00e9s tal\u00e1n nem is szeretne a profi lig\u00e1ban j\u00e1tszani. A muzsika sz\u00e1m\u00e1ra ink\u00e1bb l\u00e9lek volt, mint verseny.<\/span><\/p><p><span style=\"font-weight: 400;\">N\u00e9h\u00e1ny \u00e9v m\u00falva \u00e9desanyja hely\u00e9re l\u00e9pve kezdett matematik\u00e1t \u00e9s \u00e9nek-zen\u00e9t tan\u00edtani. K\u00f6zben a hit k\u00e9rd\u00e9sei \u00e9s az informatika is egyre jobban foglalkoztatt\u00e1k, \u00edgy azokat is megtanulta. A hangszerek kir\u00e1lyn\u0151j\u00e9n, az orgon\u00e1n is akt\u00edvan j\u00e1tszott. Csal\u00e1dot alap\u00edtott, h\u00e1zat \u00e9p\u00edtett, kertet m\u0171velt, gazd\u00e1lkodott \u2013 \u00e9lte Hangorsz\u00e1g polg\u00e1rainak mindennapi, m\u00e9gis csod\u00e1kkal teli \u00e9let\u00e9t.<\/span><\/p><h1><b>A t\u00f6r\u00e9s<\/b><\/h1><p><span style=\"font-weight: 400;\">Egy ny\u00e1ri napon azonban minden megv\u00e1ltozott. Tot\u00f3t \u00e9s feles\u00e9g\u00e9t baleset \u00e9rte. Mondhatjuk \u00fagy is: kaptak egy m\u00e1sodik \u00e9letet. Tot\u00f3 ekkor m\u00e9g nem tudta, milyen \u00e1rat kell majd fizetnie \u00e9rte.<\/span><\/p><p><span style=\"font-weight: 400;\">A hossz\u00fa l\u00e1badoz\u00e1s alatt vett\u00e9k \u00e9szre el\u0151sz\u00f6r, hogy Tot\u00f3 nem reag\u00e1l, ha s\u00f6t\u00e9tben besz\u00e9lnek hozz\u00e1. \u2013 Ne vicceljetek m\u00e1r, hallok \u00e9n! \u2013 mondogatta bossz\u00fasan. Piszk\u00e1l\u00e1snak \u00e9rezte, mintha ok n\u00e9lk\u00fcl k\u00f6tn\u00e9nek bele.\u00a0<\/span><\/p><p><span style=\"font-weight: 400;\">De a tan\u00edt\u00e1s sor\u00e1n is egyre t\u00f6bbsz\u00f6r tapasztalta, hogy a gyerekek halkabban besz\u00e9lnek, vagy \u0151 nem \u00e9rti, amit mondanak.\u00a0<\/span><\/p><p><span style=\"font-weight: 400;\">\u2013 Most akkor mennyi is az eredm\u00e9ny? 42 h\u00e9t? 44 h\u00e9t? 47 h\u00e9t? \u2013 k\u00e9rdezte olykor tan\u00e1cstalanul. A gyerekek pedig n\u00e9ha \u00f6sszen\u00e9ztek, n\u00e9ha felh\u00e1borodtak, n\u00e9ha kuncogtak \u2013 \u0151 pedig egyre bizonytalanabb lett.<\/span><\/p><p><span style=\"font-weight: 400;\">A sok noszogat\u00e1s ut\u00e1n v\u00e9g\u00fcl kipr\u00f3b\u00e1lt egy hall\u00f3k\u00e9sz\u00fcl\u00e9ket. K\u00f6zben esz\u00e9be jutott a vicc a \u201esk\u00f3t hall\u00f3k\u00e9sz\u00fcl\u00e9kr\u0151l\u201d, ahol az illet\u0151 csak dr\u00f3tokat dug a f\u00fcl\u00e9be, \u00e9s amikor k\u00e9rdezik, jobban hall-e, azt mondja: \u2013 \u00c1, dehogy! Csak \u00edgy mindenki hangosabban besz\u00e9l hozz\u00e1m.<\/span><\/p><p><span style=\"font-weight: 400;\">Az els\u0151 illeszt\u00e9k azonban nagy \u00edvben rep\u00fclt ki a f\u00fcl\u00e9b\u0151l, amikor kinyitotta a sz\u00e1j\u00e1t. A m\u00e1sodik is. \u2013 H\u00e1t akkor ez nekem nem is val\u00f3 \u2013 gondolta megk\u00f6nnyebb\u00fclten.<\/span><\/p><p><span style=\"font-weight: 400;\">\u00c1m a csal\u00e1dja nem hagyta annyiban. Egy m\u00e1sik helyen pr\u00f3b\u00e1lkoztak, \u00e9s ott els\u0151re t\u00f6k\u00e9letes lett az illeszt\u00e9k. \u2013 Vannak m\u00e9g csod\u00e1k \u2013 mosolyodott el Tot\u00f3. A k\u00e9sz\u00fcl\u00e9k azonban sok\u00e1ig a fi\u00f3kban pihent. Nehezen tudta elfogadni. \u00dagy \u00e9rezte, mindenki az \u0151 hall\u00f3k\u00e1j\u00e1t b\u00e1mulja az utc\u00e1n \u00e9s az iskol\u00e1ban.\u00a0<\/span><\/p><p><span style=\"font-weight: 400;\">Az iskol\u00e1ban a helyzet m\u00e9gsem javult. Egyre t\u00f6bbsz\u00f6r fordult el\u0151, hogy rossznak \u201ehallotta\u201d az eredm\u00e9nyt, \u00e9s a gyerekek fell\u00e1zadtak: \u2013 De h\u00e1t az j\u00f3, tan\u00e1r \u00far! M\u00e1skor meg elfogadta a rossz eredm\u00e9nyt, meg is dics\u00e9rte a gyereket, \u00e9s csak azt nem \u00e9rtette, mi\u00e9rt n\u00e9znek \u00f6ssze olyan kaj\u00e1n mosollyal. Tizenegy \u00e9v ut\u00e1n fel kellett adnia a tan\u00edt\u00e1st. F\u00e1jt neki, mert a hivat\u00e1sa volt.<\/span><\/p><p><span style=\"font-weight: 400;\">Sok orvosi vizsg\u00e1lat ut\u00e1n be kellett l\u00e1tnia: ugyanakkora energi\u00e1val m\u00e1r nem tudja azt a min\u0151s\u00e9get hozni, mint kor\u00e1bban. \u00d6nbizalma megrend\u00fclt. R\u00e1j\u00f6tt, hogy olykor 120\u2013150% energi\u00e1ra van sz\u00fcks\u00e9ge ahhoz, hogy el\u00e9rje a r\u00e9gi szintet \u2013 de ett\u0151l pillanatok alatt kif\u00e1radt. Legink\u00e1bb a figyel\u00e9s, a kommunik\u00e1ci\u00f3 mer\u00edtette ki. Egy \u00e9v pihen\u00e9s ut\u00e1n informatikai tud\u00e1s\u00e1val tal\u00e1lt munk\u00e1t, hogy gondoskodni tudjon a csal\u00e1dj\u00e1r\u00f3l.<\/span><\/p><h1><b>M\u00e1svil\u00e1g<\/b><\/h1><p><span style=\"font-weight: 400;\">Id\u0151vel kapcsolatot kezdett keresni m\u00e1s nagyothall\u00f3 emberekkel. \u00cdgy tal\u00e1lt r\u00e1 a <\/span><i><span style=\"font-weight: 400;\">F\u00fclbar\u00e1tok Orsz\u00e1gos Sz\u00f6vets\u00e9g\u00e9re<\/span><\/i><span style=\"font-weight: 400;\">, ahol hamar otthonra lelt. \u00d6nk\u00e9nteskedett, seg\u00edtett, s\u0151t a vezet\u0151s\u00e9gbe is bev\u00e1lasztott\u00e1k. N\u00e9h\u00e1ny \u00e9v ut\u00e1n azonban \u00fagy \u00e9rezte, nem ez az \u00fatja, \u00edgy laz\u00e1bbra vette a kapcsolatot.<\/span><\/p><p><span style=\"font-weight: 400;\">Ekkort\u00e1jt \u00e9rezte azt is, hogy az \u00e9nekes, orgon\u00e1s szolg\u00e1latot m\u00e1r nem tudja olyan szinten ell\u00e1tni, mint r\u00e9gen. Tal\u00e1lt valakit, akinek \u00e1tadhatta a staf\u00e9t\u00e1t. Amikor huszonh\u00e9t hossz\u00fa \u00e9v ut\u00e1n fel\u00e1llt az orgonapadr\u00f3l \u00e9s lej\u00f6tt a karzatr\u00f3l, \u00fagy \u00e9rezte, mintha egy korszak z\u00e1rult volna le. \u2013 Tal\u00e1n \u00f6r\u00f6kre b\u00facs\u00fat kell mondanom az akt\u00edv zen\u00e9l\u00e9snek \u2013 gondolta f\u00e1j\u00f3 sz\u00edvvel.<\/span><\/p><p><span style=\"font-weight: 400;\">K\u00f6zben megismerkedett a siketek cs\u00f6ndes vil\u00e1g\u00e1val. Kir\u00e1ndul\u00e1sokat tett Cs\u00f6ndorsz\u00e1gba, ahol lelkesen tanulta az orsz\u00e1g \u201ehivatalos nyelv\u00e9t\u201d a jelnyelvet. Sok tanfolyamot elv\u00e9gzett, rengeteg tud\u00e1st mag\u00e1ba sz\u00edvott, de otthon, Hangorsz\u00e1gban nem tudta haszn\u00e1lni \u2013 senki m\u00e1s nem ismerte.<\/span><\/p><p><span style=\"font-weight: 400;\">Ez\u00e9rt megk\u00e9rte a feles\u00e9g\u00e9t: \u2013 Gyere el velem Cs\u00f6ndorsz\u00e1gba, tanuld meg te is az alapokat. Szeretn\u00e9m, ha akkor is tudn\u00e1nk besz\u00e9lni, amikor nincs a f\u00fclemben a k\u00e9sz\u00fcl\u00e9k. A feles\u00e9ge igent mondott. Ez m\u00e9ly \u00f6r\u00f6mmel t\u00f6lt\u00f6tte el Tot\u00f3t \u2013 bizony\u00edt\u00e9k volt arra, hogy a k\u00f6zt\u00fck l\u00e9v\u0151 szeretet er\u0151sebb minden akad\u00e1lyn\u00e1l.<\/span><\/p><p><span style=\"font-weight: 400;\">B\u00e1r sok k\u00e9rd\u0151jel volt az \u00e9let\u00e9ben, a hit\u00e9ben soha nem k\u00e9telkedett. Igyekezett seg\u00edteni nagyothall\u00f3 sorst\u00e1rsainak: \u00e9vekig szervezett sz\u00e1mukra lelkigyakorlatokat, tal\u00e1lkoz\u00f3kat, ahol akad\u00e1lymentesen besz\u00e9lgethettek lelki dolgokr\u00f3l. A feliratoz\u00e1s \u00e9s az \u00edr\u00f3tolm\u00e1csok hatalmas seg\u00edts\u00e9get jelentettek.\u00a0<\/span><\/p><p><span style=\"font-weight: 400;\">Azt\u00e1n j\u00f6tt a Covid, \u00e9s ez az \u00fat is megszakadt.<\/span><\/p><h1><b>\u00datkeres\u00e9s<\/b><\/h1><p><span style=\"font-weight: 400;\">Tot\u00f3 szil\u00e1rdan hitt abban, hogy semmi sem t\u00f6rt\u00e9nik v\u00e9letlen\u00fcl. Minden m\u00f6g\u00f6tt ott rejlik egy ok, egy ir\u00e1ny, egy halk, de kitart\u00f3 h\u00edv\u00e1s. Csak meg kell tal\u00e1lni a mi\u00e9rtekre a v\u00e1laszt. Megtapasztalta, hogy amikor egy ajt\u00f3 bez\u00e1rul, valahol m\u00e1shol kiny\u00edlik egy ablak \u2013 n\u00e9ha eg\u00e9szen v\u00e1ratlan helyen.<\/span><\/p><p><span style=\"font-weight: 400;\">\u00cdgy ker\u00fclt kapcsolatai r\u00e9v\u00e9n a Hangorsz\u00e1gban m\u0171k\u00f6d\u0151 <\/span><i><span style=\"font-weight: 400;\">Nagy M\u0171sorsz\u00f3r\u00f3 H\u00e1z<\/span><\/i><span style=\"font-weight: 400;\"> vall\u00e1si m\u0171sorainak szerkeszt\u0151s\u00e9g\u00e9be. H\u00e9tr\u0151l h\u00e9tre el\u0151re elk\u00e9sz\u00edtette a vas\u00e1rnapi szentmise vagy m\u00e1s istentisztelet sz\u00f6veg\u00e9t. Tudta, hogy ezzel nemcsak a feliratoz\u00f3kat seg\u00edti, hanem a nagyothall\u00f3, feliratot ig\u00e9nyl\u0151 sorst\u00e1rsait is.<\/span><span style=\"font-weight: 400;\"><br \/><\/span><span style=\"font-weight: 400;\">\u2013 Ha m\u00e1r \u00e9n nem is hallok \u00fagy, mint r\u00e9gen \u2013 gondolta \u2013, legal\u00e1bb m\u00e1soknak k\u00f6nnyebb legyen bekapcsol\u00f3dni a szertart\u00e1sba.<\/span><\/p><p><span style=\"font-weight: 400;\">YouTube-csatorn\u00e1kat is elkezdett felirattal ell\u00e1tni, vagy ha \u00e9rt\u00e9kes m\u0171sort tal\u00e1lt, k\u00e9rte a k\u00e9sz\u00edt\u0151ket, hogy tegyenek r\u00e1 feliratot. Ha valaki nem tudta megoldani, Tot\u00f3 \u00f6nk\u00e9nt v\u00e1llalta az id\u0151z\u00edtett felirat elk\u00e9sz\u00edt\u00e9s\u00e9t. Saj\u00e1t besz\u00e9deit is mindig felirattal egy\u00fctt tette k\u00f6zz\u00e9. \u00dagy \u00e9rezte, ez a minimum, amit megtehet.<\/span><\/p><p><span style=\"font-weight: 400;\">A Covid elm\u00falt\u00e1val a t\u00e9v\u00e9s feliratoz\u00f3 munka megmaradt. Emellett egyre ink\u00e1bb lek\u00f6t\u00f6tte a figyelm\u00e9t a templomi \u201e\u00e9l\u0151\u201d szertart\u00e1sok akad\u00e1lymentes\u00edt\u00e9se. \u2013 Hogyan lehetne min\u00e9l gazdas\u00e1gosabban, de m\u00e9gis min\u00e9l jobb min\u0151s\u00e9gben el\u00e9rhet\u0151v\u00e9 tenni a szentmis\u00e9t mindenki sz\u00e1m\u00e1ra? \u2013 t\u00f6prengett gyakran.<\/span><span style=\"font-weight: 400;\"><br \/><\/span><span style=\"font-weight: 400;\">Ez lett az \u00faj k\u00fcldet\u00e9se.<\/span><\/p><h1><b>\u00dajra az iskolapadban<\/b><\/h1><p><span style=\"font-weight: 400;\">A mi\u00e9rtek azonban tov\u00e1bbra sem hagyt\u00e1k b\u00e9k\u00e9n. Sok id\u0151t t\u00f6lt\u00f6tt \u00f6nmag\u00e1val, olvasott, tanult, kereste a hely\u00e9t. \u00cdgy jutott el oda, hogy nagyothall\u00f3k\u00e9nt is beadta a felv\u00e9teli k\u00e9relm\u00e9t egy Ment\u00e1lhigi\u00e9n\u00e9s Lelkigondoz\u00f3i k\u00e9pz\u00e9sre. Felvett\u00e9k. \u2013 Tal\u00e1n m\u00e9gis van itt sz\u00e1momra valami \u2013 gondolta rem\u00e9nykedve.<\/span><\/p><p><span style=\"font-weight: 400;\">Azt\u00e1n berobbant a Covid. Maszkok, t\u00e1vols\u00e1gtart\u00e1s, eltorzult hangok.<\/span><span style=\"font-weight: 400;\"><br \/><\/span><span style=\"font-weight: 400;\">\u2013 Hogy \u00e9rtsem meg \u00edgy, mit mondanak? \u2013 k\u00e9rdezte k\u00e9ts\u00e9gbeesetten.<\/span><span style=\"font-weight: 400;\"><br \/><\/span><span style=\"font-weight: 400;\">Itt azt\u00e1n val\u00f3ban meg kellett tanulnia ki\u00e1llni \u00f6nmag\u00e1\u00e9rt. Minden egyes \u00f3ra kem\u00e9ny pr\u00f3bat\u00e9tel volt.<\/span><\/p><p><span style=\"font-weight: 400;\">V\u00e9rt izzadva, halaszt\u00e1ssal, de v\u00e9g\u00fcl siker\u00fclt megv\u00e9denie a diplomamunk\u00e1j\u00e1t, \u00e9s sikeresen letette a z\u00e1r\u00f3vizsg\u00e1t. Megfogadta, hogy tud\u00e1s\u00e1t sorst\u00e1rsai \u00e9rdek\u00e9ben fogja kamatoztatni. Saj\u00e1t hall\u00e1s\u00e1nak elveszt\u00e9se \u00e9rz\u00e9kenny\u00e9 tette m\u00e1s nagyothall\u00f3k neh\u00e9zs\u00e9geire, f\u00e1jdalmaira, bizonytalans\u00e1gaira.<\/span><\/p><p><span style=\"font-weight: 400;\">\u00cdgy r\u00e9szben online, r\u00e9szben szem\u00e9lyes besz\u00e9lget\u00e9sek form\u00e1j\u00e1ban kezdte el a nagyothall\u00f3k lelkigondoz\u00e1s\u00e1t. Meghallgatta \u0151ket, meg\u00e9rtette \u0151ket \u2013 mert \u0151 maga is ugyanazon az \u00faton j\u00e1rt.<\/span><\/p><h1><b>\u00c9letmorzs\u00e1k<\/b><\/h1><ol><li><b><\/b><span style=\"font-weight: 400;\"> Tot\u00f3 t\u00f6bb mint harminc \u00e9ve \u00e9li Hangorsz\u00e1g \u00e9s Cs\u00f6ndorsz\u00e1g kett\u0151s \u00e1llampolg\u00e1rak\u00e9nt mindennapjait. De nemcsak neki neh\u00e9z, hanem a k\u00f6rnyezet\u00e9nek is. Ha nem jelez vissza, hogy nem \u00e9rtett valamit, k\u00f6nnyen f\u00e9lre\u00e9rtik. Feles\u00e9ge m\u00e9g ma is gyakran besz\u00e9l hozz\u00e1 a t\u00e1volb\u00f3l. Tot\u00f3 hallja a hangj\u00e1t, de a szavak \u00e9rtelme elv\u00e9sz a leveg\u0151ben. Ilyenkor kicsinek \u00e9s tehetetlennek \u00e9rzi mag\u00e1t. Tudja, hogy nem tudja egyed\u00fcl megoldani \u2013 csak akkor, ha odafigyelnek r\u00e1, \u00e9s megbizonyosodnak r\u00f3la, hogy \u0151 is meg\u00e9rtette.<\/span><\/li><li><b><\/b><span style=\"font-weight: 400;\"> Nagyon f\u00e1j neki, amikor valamit nem \u00e9rt meg els\u0151re, \u00e9s kedvesen visszak\u00e9rdez. Ha erre csak egy legyint\u00e9st kap: \u2013 <\/span><i><span style=\"font-weight: 400;\">\u00c1, nem fontos!<\/span><\/i><span style=\"font-weight: 400;\"> \u2026 akkor \u00f6sszeszorul a sz\u00edve. \u2013 <\/span><i><span style=\"font-weight: 400;\">Tal\u00e1n \u00e9n sem vagyok fontos?<\/span><\/i><span style=\"font-weight: 400;\"> \u2013 villan \u00e1t rajta. Ha ez t\u00f6bbsz\u00f6r megt\u00f6rt\u00e9nik, lassan feladja. Nem k\u00e9rdez t\u00f6bb\u00e9. \u201e<\/span><i><span style=\"font-weight: 400;\">Minek is\u2026<\/span><\/i><span style=\"font-weight: 400;\">\u201d \u2013 gondolja szomor\u00faan.<\/span><\/li><li><b><\/b><span style=\"font-weight: 400;\"> Egyszer beutal\u00f3t kapott egy orvosi vizsg\u00e1latra. Id\u0151pontot azonban csak telefonon lehetett k\u00e9rni. Tot\u00f3, aki \u00e9pp a k\u00f3rh\u00e1zban j\u00e1rt, els\u00e9t\u00e1lt a laborhoz.<\/span><span style=\"font-weight: 400;\"><br \/><\/span><span style=\"font-weight: 400;\">\u2013 Id\u0151pontot szeretn\u00e9k k\u00e9rni \u2013 mondta.<\/span><span style=\"font-weight: 400;\"><br \/><\/span><span style=\"font-weight: 400;\">\u2013 Csak telefonon lehet \u2013 j\u00f6tt a v\u00e1lasz.<\/span><span style=\"font-weight: 400;\"><br \/><\/span><span style=\"font-weight: 400;\">\u2013 De \u00e9n hall\u00e1ss\u00e9r\u00fclt vagyok, nem tudok telefon\u00e1lni \u2013 mondta Tot\u00f3.<\/span><span style=\"font-weight: 400;\"><br \/><\/span><span style=\"font-weight: 400;\">\u2013 K\u00e9rjen meg valakit.<\/span><span style=\"font-weight: 400;\"><br \/><\/span><span style=\"font-weight: 400;\">\u2013 Szeretn\u00e9m magamnak elint\u00e9zni. Nem akarok m\u00e1sokat terhelni.<\/span><span style=\"font-weight: 400;\"><br \/><\/span><span style=\"font-weight: 400;\">N\u00e9mi csend ut\u00e1n Tot\u00f3 szeme felcsillant:<\/span><span style=\"font-weight: 400;\"><br \/><\/span><span style=\"font-weight: 400;\">\u2013 Megk\u00e9rem a betegjogi k\u00e9pvisel\u0151t. \u0150 biztosan seg\u00edt.<\/span><span style=\"font-weight: 400;\"><br \/><\/span><span style=\"font-weight: 400;\">M\u00e1r \u00e9pp pakolt \u00f6ssze, amikor a recepci\u00f3s h\u00f6lgy megsz\u00f3lalt:<\/span><span style=\"font-weight: 400;\"><br \/><\/span><span style=\"font-weight: 400;\">\u2013 J\u00f6jj\u00f6n csak, megpr\u00f3b\u00e1lom megoldani.<\/span><span style=\"font-weight: 400;\"><br \/><\/span><span style=\"font-weight: 400;\">\u00c9s megoldotta. Egy kis huncuts\u00e1g, egy kis j\u00f3indulat \u2013 \u00e9s m\u00e1ris k\u00f6nnyebb lett minden.<\/span><\/li><li><b><\/b><span style=\"font-weight: 400;\"> Tot\u00f3 akt\u00edvan haszn\u00e1lja a mobiltelefonj\u00e1t \u2013 mindenre, kiv\u00e9ve telefon\u00e1l\u00e1sra. Ha megadja a sz\u00e1m\u00e1t, mindig hangs\u00falyozza: \u2013 Csak SMS-ben keress, telefon\u00e1lni nem tudok.<\/span><span style=\"font-weight: 400;\"><br \/><\/span><span style=\"font-weight: 400;\">Ennek ellen\u00e9re n\u00e9ha megcs\u00f6rren a telefonja. Mindig rezg\u0151n tartja, mert egyszer a buszmeg\u00e1ll\u00f3ban egy kisfi\u00fa odasz\u00f3lt: \u2013 <\/span><i><span style=\"font-weight: 400;\">B\u00e1csi, cs\u00f6r\u00f6g a mobilja! <\/span><\/i><span style=\"font-weight: 400;\">Tot\u00f3 majd els\u00fcllyedt sz\u00e9gyen\u00e9ben. A zajos utc\u00e1n pedig \u00fagysem tudott volna telefon\u00e1lni.<\/span><\/li><\/ol><h1><b>Egyed\u00fcl nem megy<\/b><\/h1><p><span style=\"font-weight: 400;\">Tot\u00f3 hossz\u00fa \u00e9vek alatt megtanulta, hogy sokszor egyed\u00fcl kell boldogulnia. De azt is, hogy mindig van valaki, akire sz\u00e1m\u00edthat. \u00c9s azt is felismerte, hogy ha nem a saj\u00e1t baj\u00e1t n\u00e9zi, hanem m\u00e1soknak seg\u00edt, akkor a saj\u00e1t terhei is k\u00f6nnyebb\u00e9 v\u00e1lnak. Nem t\u0171nnek el, de valahogy elviselhet\u0151bbek lesznek, \u00e9s az id\u0151 is gyorsabban telik.<\/span><\/p><p><span style=\"font-weight: 400;\">Amikor felk\u00e9rt\u00e9k a <\/span><i><span style=\"font-weight: 400;\">Figyelem K\u00f6r\u00e9nek B\u00f6lcsei<\/span><\/i><span style=\"font-weight: 400;\"> k\u00f6z\u00e9, \u00f6r\u00f6mmel mondott igent, hogy magasabb szinten is hangot adhasson a fogyat\u00e9kkal \u00e9l\u0151k \u2013 megold\u00e1sra v\u00e1r\u00f3 \u2013 mindennapi gondjainak.<\/span><\/p><h1><b>J\u00e1tszhatok?<\/b><\/h1><p><span style=\"font-weight: 400;\">Tizenhat \u00e9v telt el, mire Tot\u00f3 \u00fajra \u00e9rezte: vissza kell \u00fclnie a zongor\u00e1hoz. Csak \u00fagy, a maga \u00f6r\u00f6m\u00e9re. Bekopogott legkisebb fia szob\u00e1j\u00e1ba, ahol a zongora \u00e9vek \u00f3ta csendben v\u00e1rakozott.<\/span><span style=\"font-weight: 400;\"><br \/><\/span><span style=\"font-weight: 400;\">\u2013 J\u00e1tszhatok? \u2013 k\u00e9rdezte halkan.<\/span><span style=\"font-weight: 400;\"><br \/><\/span><span style=\"font-weight: 400;\">Fia csod\u00e1lkoz\u00f3 tekintettel r\u00e1n\u00e9zett, \u00e9s a hangja elcsuklott:<\/span><span style=\"font-weight: 400;\"><br \/><\/span><span style=\"font-weight: 400;\">\u2013 M\u00e1sra sem v\u00e1gytam h\u00fasz \u00e9ve, mint hogy le\u00fclj \u00e9s j\u00e1tssz nekem.\u00a0<\/span><\/p><p><span style=\"font-weight: 400;\">Tot\u00f3 le\u00fclt \u00e9s hosszasan zongor\u00e1zott. J\u00e1tszott, \u00e9s k\u00f6zben folytak a k\u00f6nnyei. A sz\u00edv\u00e9b\u0151l sz\u00f3lt a muzsika. A dallamok visszavitt\u00e9k \u0151t sz\u00fcl\u0151f\u00f6ldj\u00e9re, Hangorsz\u00e1g mesesz\u00e9p t\u00e1jaira.<\/span><\/p><p><span style=\"font-weight: 400;\">Fia k\u00e9s\u0151bb \u00edgy vallott:<\/span><span style=\"font-weight: 400;\"><br \/><\/span><span style=\"font-weight: 400;\">\u2013 V\u00e9gre zongor\u00e1zol\u2026 \u00e9s milyen gy\u00f6ny\u00f6r\u0171en. Zene f\u00fcleimnek. Majdnem minden este zongor\u00e1t hallgatok elalv\u00e1s el\u0151tt, megnyugtat, elgondolkodtat. Az els\u0151 darabn\u00e1l m\u00e9g csak p\u00e1r k\u00f6nnycsepp csordult ki, azt\u00e1n besz\u00e9lgett\u00fcnk \u2013 r\u00f6viden, mert a zene mag\u00e1t\u00f3l besz\u00e9l. <\/span><span style=\"font-weight: 400;\"><br \/><\/span><span style=\"font-weight: 400;\">Sok minden lej\u00e1tsz\u00f3dott bennem, de legink\u00e1bb az, hogy ez az \u00e9n Ap\u00e1m az \u00e9n szob\u00e1mban, \u00e9s v\u00e9gre j\u00e1tszik. V\u00e9gre egy nyelvet besz\u00e9l\u00fcnk. Eddig is besz\u00e9lt\u00fcnk, de rossz volt a csatorna; most \u00e9reztem, hogy egy hull\u00e1mhosszon vagyunk. <\/span><span style=\"font-weight: 400;\"><br \/><\/span><span style=\"font-weight: 400;\">Eszembe jutott a jurta, a csillagpaplanos \u00e9g, Zs. b\u00e1csi git\u00e1rja \u2013 akkor \u00e9reztem el\u0151sz\u00f6r, milyen j\u00f3 lenne, ha az \u00e9n apuk\u00e1m is zen\u00e9lne nekem est\u00e9nk\u00e9nt.\u00a0 <\/span><span style=\"font-weight: 400;\"><br \/><\/span><span style=\"font-weight: 400;\">A m\u00e1sodik darabn\u00e1l m\u00e1r zokogtam. Ilyen hangokat m\u00e9g soha nem hallottam ebb\u0151l a zongor\u00e1b\u00f3l. Sz\u00edven tal\u00e1lt. <\/span><i><span style=\"font-weight: 400;\">\u201eJ\u00f3 lenne megfogni ap\u00e1m er\u0151s kez\u00e9t, m\u00e9g egyszer l\u00e1tni szigor\u00fa szem\u00e9t. J\u00f3 lenne hallgatni b\u00f6lcs szavait, megfogadni mindent, amit tan\u00edt&#8230;\u201d<\/span><\/i><span style=\"font-weight: 400;\"> (K\u00e1rp\u00e1tia)<\/span><\/p><h1><b>Epil\u00f3gus<\/b><\/h1><p><span style=\"font-weight: 400;\">Aki Hangorsz\u00e1gban sz\u00fcletett, \u00e9lete v\u00e9g\u00e9ig meg\u0151rzi annak eml\u00e9k\u00e9t. Tot\u00f3 ugyan mostoha gyermek lett ott, de Cs\u00f6ndorsz\u00e1gban \u00e9lve is elevenen \u00e9l benne a zene szeretete, a hangok vil\u00e1ga, a r\u00e9gi dallamok. H\u00e1l\u00e1val gondol minden emberre, akivel \u00e9lete sor\u00e1n tal\u00e1lkozott \u2013 ak\u00e1r j\u00f3t kapott t\u0151le, ak\u00e1r kev\u00e9sb\u00e9 j\u00f3t.<\/span><\/p><p><span style=\"font-weight: 400;\">\u201eJ\u00f3l csak a sz\u00edv\u00e9vel l\u00e1t az ember. Ami igaz\u00e1n l\u00e9nyeges, az a szemnek l\u00e1thatatlan.\u201d \u2013 \u00edrja Antoine de Saint-Exup\u00e9ry.<\/span><\/p><p><span style=\"font-weight: 400;\">Tot\u00f3 pedig megtanulta: <\/span><b>nem a hall\u00e1s \u00e1llapota hat\u00e1rozza meg az ember \u00e9rt\u00e9k\u00e9t. J\u00f3l csak a sz\u00edv\u00e9vel hall az ember. Ami igaz\u00e1n l\u00e9nyeges, az a f\u00fclnek hallhatatlan.<\/b><\/p><p><i><span style=\"font-weight: 400;\">Lejegyezte: MosolyTom\u00a0<\/span><\/i><\/p>\t\t\t\t\t\t\t\t<\/div>\n\t\t\t\t<\/div>\n\t\t\t\t<div class=\"elementor-element elementor-element-2c1a13f2 elementor-widget-divider--view-line elementor-invisible elementor-widget elementor-widget-divider\" data-id=\"2c1a13f2\" data-element_type=\"widget\" data-e-type=\"widget\" data-settings=\"{&quot;_animation&quot;:&quot;fadeInUp&quot;}\" data-widget_type=\"divider.default\">\n\t\t\t\t<div class=\"elementor-widget-container\">\n\t\t\t\t\t\t\t<div class=\"elementor-divider\">\n\t\t\t<span class=\"elementor-divider-separator\">\n\t\t\t\t\t\t<\/span>\n\t\t<\/div>\n\t\t\t\t\t\t<\/div>\n\t\t\t\t<\/div>\n\t\t\t\t\t<\/div>\n\t\t<\/div>\n\t\t\t\t\t<\/div>\n\t\t<\/div>\n\t\t\t\t<\/div>\n\t\t","protected":false},"excerpt":{"rendered":"<p>nap \u00f3ra perc m\u00e1sodperc Ott leszek \u00e9n is! Lauer Tam\u00e1s Tot\u00f3 Facebook-f Twitter Google-plus-g Github Linkedin-in Prol\u00f3gus A tot\u00f3 sz\u00f3r\u00f3l legt\u00f6bbeknek a szerencsej\u00e1t\u00e9k jut esz\u00e9be, ahol 13+1 focimeccs eredm\u00e9ny\u00e9t kell megtippelni. Nekem azonban mindig is \u00d3z, a nagy var\u00e1zsl\u00f3 t\u00f6rt\u00e9net\u00e9t id\u00e9zi fel, benne Dorka h\u0171s\u00e9ges kiskuty\u00e1j\u00e1val, Tot\u00f3val. A kis fekete eb, aki besz\u00e9lni is tudott [&hellip;]<\/p>\n","protected":false},"author":2,"featured_media":0,"comment_status":"closed","ping_status":"open","sticky":false,"template":"","format":"standard","meta":{"footnotes":""},"categories":[1],"tags":[],"class_list":["post-1311","post","type-post","status-publish","format-standard","hentry","category-uncategorized"],"yoast_head":"<!-- This site is optimized with the Yoast SEO Premium plugin v27.4 (Yoast SEO v27.4) - https:\/\/yoast.com\/product\/yoast-seo-premium-wordpress\/ -->\n<title>Lauer Tam\u00e1s - Hall\u00e1s Vil\u00e1gnapja<\/title>\n<meta name=\"robots\" content=\"index, follow, max-snippet:-1, max-image-preview:large, max-video-preview:-1\" \/>\n<link rel=\"canonical\" href=\"https:\/\/hallasvilagnapja.hu\/hvn\/lauer-tamas\/\" \/>\n<meta property=\"og:locale\" content=\"hu_HU\" \/>\n<meta property=\"og:type\" content=\"article\" \/>\n<meta property=\"og:title\" content=\"Lauer Tam\u00e1s\" \/>\n<meta property=\"og:description\" content=\"nap \u00f3ra perc m\u00e1sodperc Ott leszek \u00e9n is! Lauer Tam\u00e1s Tot\u00f3 Facebook-f Twitter Google-plus-g Github Linkedin-in Prol\u00f3gus A tot\u00f3 sz\u00f3r\u00f3l legt\u00f6bbeknek a szerencsej\u00e1t\u00e9k jut esz\u00e9be, ahol 13+1 focimeccs eredm\u00e9ny\u00e9t kell megtippelni. Nekem azonban mindig is \u00d3z, a nagy var\u00e1zsl\u00f3 t\u00f6rt\u00e9net\u00e9t id\u00e9zi fel, benne Dorka h\u0171s\u00e9ges kiskuty\u00e1j\u00e1val, Tot\u00f3val. A kis fekete eb, aki besz\u00e9lni is tudott [&hellip;]\" \/>\n<meta property=\"og:url\" content=\"https:\/\/hallasvilagnapja.hu\/hvn\/lauer-tamas\/\" \/>\n<meta property=\"og:site_name\" content=\"Hall\u00e1s Vil\u00e1gnapja\" \/>\n<meta property=\"article:published_time\" content=\"2026-03-03T13:32:40+00:00\" \/>\n<meta property=\"article:modified_time\" content=\"2026-03-05T17:43:52+00:00\" \/>\n<meta property=\"og:image\" content=\"https:\/\/hallasvilagnapja.hu\/hvn\/wp-content\/uploads\/2025\/01\/Hallas-vilagnapja-logo-e1738154213707.png\" \/>\n\t<meta property=\"og:image:width\" content=\"100\" \/>\n\t<meta property=\"og:image:height\" content=\"100\" \/>\n\t<meta property=\"og:image:type\" content=\"image\/png\" \/>\n<meta name=\"author\" content=\"V\u00e1mos Evelin\" \/>\n<meta name=\"twitter:card\" content=\"summary_large_image\" \/>\n<meta name=\"twitter:label1\" content=\"Szerz\u0151:\" \/>\n\t<meta name=\"twitter:data1\" content=\"V\u00e1mos Evelin\" \/>\n\t<meta name=\"twitter:label2\" content=\"Becs\u00fclt olvas\u00e1si id\u0151\" \/>\n\t<meta name=\"twitter:data2\" content=\"11 perc\" \/>\n<script type=\"application\/ld+json\" class=\"yoast-schema-graph\">{\"@context\":\"https:\\\/\\\/schema.org\",\"@graph\":[{\"@type\":\"Article\",\"@id\":\"https:\\\/\\\/hallasvilagnapja.hu\\\/hvn\\\/lauer-tamas\\\/#article\",\"isPartOf\":{\"@id\":\"https:\\\/\\\/hallasvilagnapja.hu\\\/hvn\\\/lauer-tamas\\\/\"},\"author\":{\"name\":\"V\u00e1mos Evelin\",\"@id\":\"https:\\\/\\\/hallasvilagnapja.hu\\\/hvn\\\/#\\\/schema\\\/person\\\/43586b0fd71b8fdbd4296b1c8ca58f0f\"},\"headline\":\"Lauer Tam\u00e1s\",\"datePublished\":\"2026-03-03T13:32:40+00:00\",\"dateModified\":\"2026-03-05T17:43:52+00:00\",\"mainEntityOfPage\":{\"@id\":\"https:\\\/\\\/hallasvilagnapja.hu\\\/hvn\\\/lauer-tamas\\\/\"},\"wordCount\":2825,\"publisher\":{\"@id\":\"https:\\\/\\\/hallasvilagnapja.hu\\\/hvn\\\/#organization\"},\"image\":{\"@id\":\"https:\\\/\\\/hallasvilagnapja.hu\\\/hvn\\\/lauer-tamas\\\/#primaryimage\"},\"thumbnailUrl\":\"https:\\\/\\\/hallasvilagnapja.hu\\\/hvn\\\/wp-content\\\/uploads\\\/2025\\\/01\\\/Hallas-vilagnapja-logo-e1738154213707.png\",\"articleSection\":[\"Uncategorized\"],\"inLanguage\":\"hu\"},{\"@type\":\"WebPage\",\"@id\":\"https:\\\/\\\/hallasvilagnapja.hu\\\/hvn\\\/lauer-tamas\\\/\",\"url\":\"https:\\\/\\\/hallasvilagnapja.hu\\\/hvn\\\/lauer-tamas\\\/\",\"name\":\"Lauer Tam\u00e1s - Hall\u00e1s Vil\u00e1gnapja\",\"isPartOf\":{\"@id\":\"https:\\\/\\\/hallasvilagnapja.hu\\\/hvn\\\/#website\"},\"primaryImageOfPage\":{\"@id\":\"https:\\\/\\\/hallasvilagnapja.hu\\\/hvn\\\/lauer-tamas\\\/#primaryimage\"},\"image\":{\"@id\":\"https:\\\/\\\/hallasvilagnapja.hu\\\/hvn\\\/lauer-tamas\\\/#primaryimage\"},\"thumbnailUrl\":\"https:\\\/\\\/hallasvilagnapja.hu\\\/hvn\\\/wp-content\\\/uploads\\\/2025\\\/01\\\/Hallas-vilagnapja-logo-e1738154213707.png\",\"datePublished\":\"2026-03-03T13:32:40+00:00\",\"dateModified\":\"2026-03-05T17:43:52+00:00\",\"breadcrumb\":{\"@id\":\"https:\\\/\\\/hallasvilagnapja.hu\\\/hvn\\\/lauer-tamas\\\/#breadcrumb\"},\"inLanguage\":\"hu\",\"potentialAction\":[{\"@type\":\"ReadAction\",\"target\":[\"https:\\\/\\\/hallasvilagnapja.hu\\\/hvn\\\/lauer-tamas\\\/\"]}]},{\"@type\":\"ImageObject\",\"inLanguage\":\"hu\",\"@id\":\"https:\\\/\\\/hallasvilagnapja.hu\\\/hvn\\\/lauer-tamas\\\/#primaryimage\",\"url\":\"https:\\\/\\\/hallasvilagnapja.hu\\\/hvn\\\/wp-content\\\/uploads\\\/2025\\\/01\\\/Hallas-vilagnapja-logo-e1738154213707.png\",\"contentUrl\":\"https:\\\/\\\/hallasvilagnapja.hu\\\/hvn\\\/wp-content\\\/uploads\\\/2025\\\/01\\\/Hallas-vilagnapja-logo-e1738154213707.png\",\"width\":100,\"height\":100},{\"@type\":\"BreadcrumbList\",\"@id\":\"https:\\\/\\\/hallasvilagnapja.hu\\\/hvn\\\/lauer-tamas\\\/#breadcrumb\",\"itemListElement\":[{\"@type\":\"ListItem\",\"position\":1,\"name\":\"Home\",\"item\":\"https:\\\/\\\/hallasvilagnapja.hu\\\/hvn\\\/\"},{\"@type\":\"ListItem\",\"position\":2,\"name\":\"Lauer Tam\u00e1s\"}]},{\"@type\":\"WebSite\",\"@id\":\"https:\\\/\\\/hallasvilagnapja.hu\\\/hvn\\\/#website\",\"url\":\"https:\\\/\\\/hallasvilagnapja.hu\\\/hvn\\\/\",\"name\":\"Hall\u00e1s Vil\u00e1gnapja\",\"description\":\"Legyen a f\u00fcl- \u00e9s hall\u00e1sgondoz\u00e1s  mindenki sz\u00e1m\u00e1ra val\u00f3s\u00e1g!\",\"publisher\":{\"@id\":\"https:\\\/\\\/hallasvilagnapja.hu\\\/hvn\\\/#organization\"},\"potentialAction\":[{\"@type\":\"SearchAction\",\"target\":{\"@type\":\"EntryPoint\",\"urlTemplate\":\"https:\\\/\\\/hallasvilagnapja.hu\\\/hvn\\\/?s={search_term_string}\"},\"query-input\":{\"@type\":\"PropertyValueSpecification\",\"valueRequired\":true,\"valueName\":\"search_term_string\"}}],\"inLanguage\":\"hu\"},{\"@type\":\"Organization\",\"@id\":\"https:\\\/\\\/hallasvilagnapja.hu\\\/hvn\\\/#organization\",\"name\":\"Hall\u00e1s Vil\u00e1gnapja\",\"url\":\"https:\\\/\\\/hallasvilagnapja.hu\\\/hvn\\\/\",\"logo\":{\"@type\":\"ImageObject\",\"inLanguage\":\"hu\",\"@id\":\"https:\\\/\\\/hallasvilagnapja.hu\\\/hvn\\\/#\\\/schema\\\/logo\\\/image\\\/\",\"url\":\"https:\\\/\\\/hallasvilagnapja.hu\\\/hvn\\\/wp-content\\\/uploads\\\/2025\\\/01\\\/cropped-cropped-Hallas-vilagnapja-logo.png\",\"contentUrl\":\"https:\\\/\\\/hallasvilagnapja.hu\\\/hvn\\\/wp-content\\\/uploads\\\/2025\\\/01\\\/cropped-cropped-Hallas-vilagnapja-logo.png\",\"width\":800,\"height\":800,\"caption\":\"Hall\u00e1s Vil\u00e1gnapja\"},\"image\":{\"@id\":\"https:\\\/\\\/hallasvilagnapja.hu\\\/hvn\\\/#\\\/schema\\\/logo\\\/image\\\/\"}},{\"@type\":\"Person\",\"@id\":\"https:\\\/\\\/hallasvilagnapja.hu\\\/hvn\\\/#\\\/schema\\\/person\\\/43586b0fd71b8fdbd4296b1c8ca58f0f\",\"name\":\"V\u00e1mos Evelin\",\"image\":{\"@type\":\"ImageObject\",\"inLanguage\":\"hu\",\"@id\":\"https:\\\/\\\/secure.gravatar.com\\\/avatar\\\/8f5d3ee5093f1f2b2b441a8eb2be9152442f2de2e45e6767f0811c9c42422800?s=96&d=mm&r=g\",\"url\":\"https:\\\/\\\/secure.gravatar.com\\\/avatar\\\/8f5d3ee5093f1f2b2b441a8eb2be9152442f2de2e45e6767f0811c9c42422800?s=96&d=mm&r=g\",\"contentUrl\":\"https:\\\/\\\/secure.gravatar.com\\\/avatar\\\/8f5d3ee5093f1f2b2b441a8eb2be9152442f2de2e45e6767f0811c9c42422800?s=96&d=mm&r=g\",\"caption\":\"V\u00e1mos Evelin\"},\"url\":\"https:\\\/\\\/hallasvilagnapja.hu\\\/hvn\\\/author\\\/evelin\\\/\"}]}<\/script>\n<!-- \/ Yoast SEO Premium plugin. -->","yoast_head_json":{"title":"Lauer Tam\u00e1s - Hall\u00e1s Vil\u00e1gnapja","robots":{"index":"index","follow":"follow","max-snippet":"max-snippet:-1","max-image-preview":"max-image-preview:large","max-video-preview":"max-video-preview:-1"},"canonical":"https:\/\/hallasvilagnapja.hu\/hvn\/lauer-tamas\/","og_locale":"hu_HU","og_type":"article","og_title":"Lauer Tam\u00e1s","og_description":"nap \u00f3ra perc m\u00e1sodperc Ott leszek \u00e9n is! Lauer Tam\u00e1s Tot\u00f3 Facebook-f Twitter Google-plus-g Github Linkedin-in Prol\u00f3gus A tot\u00f3 sz\u00f3r\u00f3l legt\u00f6bbeknek a szerencsej\u00e1t\u00e9k jut esz\u00e9be, ahol 13+1 focimeccs eredm\u00e9ny\u00e9t kell megtippelni. Nekem azonban mindig is \u00d3z, a nagy var\u00e1zsl\u00f3 t\u00f6rt\u00e9net\u00e9t id\u00e9zi fel, benne Dorka h\u0171s\u00e9ges kiskuty\u00e1j\u00e1val, Tot\u00f3val. A kis fekete eb, aki besz\u00e9lni is tudott [&hellip;]","og_url":"https:\/\/hallasvilagnapja.hu\/hvn\/lauer-tamas\/","og_site_name":"Hall\u00e1s Vil\u00e1gnapja","article_published_time":"2026-03-03T13:32:40+00:00","article_modified_time":"2026-03-05T17:43:52+00:00","og_image":[{"width":100,"height":100,"url":"https:\/\/hallasvilagnapja.hu\/hvn\/wp-content\/uploads\/2025\/01\/Hallas-vilagnapja-logo-e1738154213707.png","type":"image\/png"}],"author":"V\u00e1mos Evelin","twitter_card":"summary_large_image","twitter_misc":{"Szerz\u0151:":"V\u00e1mos Evelin","Becs\u00fclt olvas\u00e1si id\u0151":"11 perc"},"schema":{"@context":"https:\/\/schema.org","@graph":[{"@type":"Article","@id":"https:\/\/hallasvilagnapja.hu\/hvn\/lauer-tamas\/#article","isPartOf":{"@id":"https:\/\/hallasvilagnapja.hu\/hvn\/lauer-tamas\/"},"author":{"name":"V\u00e1mos Evelin","@id":"https:\/\/hallasvilagnapja.hu\/hvn\/#\/schema\/person\/43586b0fd71b8fdbd4296b1c8ca58f0f"},"headline":"Lauer Tam\u00e1s","datePublished":"2026-03-03T13:32:40+00:00","dateModified":"2026-03-05T17:43:52+00:00","mainEntityOfPage":{"@id":"https:\/\/hallasvilagnapja.hu\/hvn\/lauer-tamas\/"},"wordCount":2825,"publisher":{"@id":"https:\/\/hallasvilagnapja.hu\/hvn\/#organization"},"image":{"@id":"https:\/\/hallasvilagnapja.hu\/hvn\/lauer-tamas\/#primaryimage"},"thumbnailUrl":"https:\/\/hallasvilagnapja.hu\/hvn\/wp-content\/uploads\/2025\/01\/Hallas-vilagnapja-logo-e1738154213707.png","articleSection":["Uncategorized"],"inLanguage":"hu"},{"@type":"WebPage","@id":"https:\/\/hallasvilagnapja.hu\/hvn\/lauer-tamas\/","url":"https:\/\/hallasvilagnapja.hu\/hvn\/lauer-tamas\/","name":"Lauer Tam\u00e1s - Hall\u00e1s Vil\u00e1gnapja","isPartOf":{"@id":"https:\/\/hallasvilagnapja.hu\/hvn\/#website"},"primaryImageOfPage":{"@id":"https:\/\/hallasvilagnapja.hu\/hvn\/lauer-tamas\/#primaryimage"},"image":{"@id":"https:\/\/hallasvilagnapja.hu\/hvn\/lauer-tamas\/#primaryimage"},"thumbnailUrl":"https:\/\/hallasvilagnapja.hu\/hvn\/wp-content\/uploads\/2025\/01\/Hallas-vilagnapja-logo-e1738154213707.png","datePublished":"2026-03-03T13:32:40+00:00","dateModified":"2026-03-05T17:43:52+00:00","breadcrumb":{"@id":"https:\/\/hallasvilagnapja.hu\/hvn\/lauer-tamas\/#breadcrumb"},"inLanguage":"hu","potentialAction":[{"@type":"ReadAction","target":["https:\/\/hallasvilagnapja.hu\/hvn\/lauer-tamas\/"]}]},{"@type":"ImageObject","inLanguage":"hu","@id":"https:\/\/hallasvilagnapja.hu\/hvn\/lauer-tamas\/#primaryimage","url":"https:\/\/hallasvilagnapja.hu\/hvn\/wp-content\/uploads\/2025\/01\/Hallas-vilagnapja-logo-e1738154213707.png","contentUrl":"https:\/\/hallasvilagnapja.hu\/hvn\/wp-content\/uploads\/2025\/01\/Hallas-vilagnapja-logo-e1738154213707.png","width":100,"height":100},{"@type":"BreadcrumbList","@id":"https:\/\/hallasvilagnapja.hu\/hvn\/lauer-tamas\/#breadcrumb","itemListElement":[{"@type":"ListItem","position":1,"name":"Home","item":"https:\/\/hallasvilagnapja.hu\/hvn\/"},{"@type":"ListItem","position":2,"name":"Lauer Tam\u00e1s"}]},{"@type":"WebSite","@id":"https:\/\/hallasvilagnapja.hu\/hvn\/#website","url":"https:\/\/hallasvilagnapja.hu\/hvn\/","name":"Hall\u00e1s Vil\u00e1gnapja","description":"Legyen a f\u00fcl- \u00e9s hall\u00e1sgondoz\u00e1s  mindenki sz\u00e1m\u00e1ra val\u00f3s\u00e1g!","publisher":{"@id":"https:\/\/hallasvilagnapja.hu\/hvn\/#organization"},"potentialAction":[{"@type":"SearchAction","target":{"@type":"EntryPoint","urlTemplate":"https:\/\/hallasvilagnapja.hu\/hvn\/?s={search_term_string}"},"query-input":{"@type":"PropertyValueSpecification","valueRequired":true,"valueName":"search_term_string"}}],"inLanguage":"hu"},{"@type":"Organization","@id":"https:\/\/hallasvilagnapja.hu\/hvn\/#organization","name":"Hall\u00e1s Vil\u00e1gnapja","url":"https:\/\/hallasvilagnapja.hu\/hvn\/","logo":{"@type":"ImageObject","inLanguage":"hu","@id":"https:\/\/hallasvilagnapja.hu\/hvn\/#\/schema\/logo\/image\/","url":"https:\/\/hallasvilagnapja.hu\/hvn\/wp-content\/uploads\/2025\/01\/cropped-cropped-Hallas-vilagnapja-logo.png","contentUrl":"https:\/\/hallasvilagnapja.hu\/hvn\/wp-content\/uploads\/2025\/01\/cropped-cropped-Hallas-vilagnapja-logo.png","width":800,"height":800,"caption":"Hall\u00e1s Vil\u00e1gnapja"},"image":{"@id":"https:\/\/hallasvilagnapja.hu\/hvn\/#\/schema\/logo\/image\/"}},{"@type":"Person","@id":"https:\/\/hallasvilagnapja.hu\/hvn\/#\/schema\/person\/43586b0fd71b8fdbd4296b1c8ca58f0f","name":"V\u00e1mos Evelin","image":{"@type":"ImageObject","inLanguage":"hu","@id":"https:\/\/secure.gravatar.com\/avatar\/8f5d3ee5093f1f2b2b441a8eb2be9152442f2de2e45e6767f0811c9c42422800?s=96&d=mm&r=g","url":"https:\/\/secure.gravatar.com\/avatar\/8f5d3ee5093f1f2b2b441a8eb2be9152442f2de2e45e6767f0811c9c42422800?s=96&d=mm&r=g","contentUrl":"https:\/\/secure.gravatar.com\/avatar\/8f5d3ee5093f1f2b2b441a8eb2be9152442f2de2e45e6767f0811c9c42422800?s=96&d=mm&r=g","caption":"V\u00e1mos Evelin"},"url":"https:\/\/hallasvilagnapja.hu\/hvn\/author\/evelin\/"}]}},"_links":{"self":[{"href":"https:\/\/hallasvilagnapja.hu\/hvn\/wp-json\/wp\/v2\/posts\/1311","targetHints":{"allow":["GET"]}}],"collection":[{"href":"https:\/\/hallasvilagnapja.hu\/hvn\/wp-json\/wp\/v2\/posts"}],"about":[{"href":"https:\/\/hallasvilagnapja.hu\/hvn\/wp-json\/wp\/v2\/types\/post"}],"author":[{"embeddable":true,"href":"https:\/\/hallasvilagnapja.hu\/hvn\/wp-json\/wp\/v2\/users\/2"}],"replies":[{"embeddable":true,"href":"https:\/\/hallasvilagnapja.hu\/hvn\/wp-json\/wp\/v2\/comments?post=1311"}],"version-history":[{"count":10,"href":"https:\/\/hallasvilagnapja.hu\/hvn\/wp-json\/wp\/v2\/posts\/1311\/revisions"}],"predecessor-version":[{"id":1690,"href":"https:\/\/hallasvilagnapja.hu\/hvn\/wp-json\/wp\/v2\/posts\/1311\/revisions\/1690"}],"wp:attachment":[{"href":"https:\/\/hallasvilagnapja.hu\/hvn\/wp-json\/wp\/v2\/media?parent=1311"}],"wp:term":[{"taxonomy":"category","embeddable":true,"href":"https:\/\/hallasvilagnapja.hu\/hvn\/wp-json\/wp\/v2\/categories?post=1311"},{"taxonomy":"post_tag","embeddable":true,"href":"https:\/\/hallasvilagnapja.hu\/hvn\/wp-json\/wp\/v2\/tags?post=1311"}],"curies":[{"name":"wp","href":"https:\/\/api.w.org\/{rel}","templated":true}]}}