{"id":1332,"date":"2026-03-03T14:41:39","date_gmt":"2026-03-03T13:41:39","guid":{"rendered":"https:\/\/hallasvilagnapja.hu\/hvn\/?p=1332"},"modified":"2026-03-05T18:44:38","modified_gmt":"2026-03-05T17:44:38","slug":"rostane-lutz-gabriella","status":"publish","type":"post","link":"https:\/\/hallasvilagnapja.hu\/hvn\/rostane-lutz-gabriella\/","title":{"rendered":"Rosta\u0301ne\u0301 Lutz Gabriella"},"content":{"rendered":"\t\t<div data-elementor-type=\"wp-post\" data-elementor-id=\"1332\" class=\"elementor elementor-1332\" data-elementor-post-type=\"post\">\n\t\t\t\t<div class=\"elementor-element elementor-element-1f614f5f e-flex e-con-boxed e-con e-parent\" data-id=\"1f614f5f\" data-element_type=\"container\" data-e-type=\"container\">\n\t\t\t\t\t<div class=\"e-con-inner\">\n\t\t<div class=\"elementor-element elementor-element-38bb3344 e-con-full e-flex e-con e-child\" data-id=\"38bb3344\" data-element_type=\"container\" data-e-type=\"container\">\n\t\t\t\t<div class=\"elementor-element elementor-element-6be984c4 elementor-widget elementor-widget-image\" data-id=\"6be984c4\" data-element_type=\"widget\" data-e-type=\"widget\" data-widget_type=\"image.default\">\n\t\t\t\t<div class=\"elementor-widget-container\">\n\t\t\t\t\t\t\t\t\t\t\t\t\t\t\t<img decoding=\"async\" width=\"100\" height=\"100\" src=\"https:\/\/hallasvilagnapja.hu\/hvn\/wp-content\/uploads\/2025\/01\/Hallas-vilagnapja-logo-e1738154213707.png\" class=\"attachment-large size-large wp-image-71\" alt=\"\" \/>\t\t\t\t\t\t\t\t\t\t\t\t\t\t\t<\/div>\n\t\t\t\t<\/div>\n\t\t\t\t<\/div>\n\t\t<div class=\"elementor-element elementor-element-70b149d9 e-con-full e-flex e-con e-child\" data-id=\"70b149d9\" data-element_type=\"container\" data-e-type=\"container\">\n\t\t\t\t<div class=\"elementor-element elementor-element-6ef2278b elementor-countdown--label-block elementor-widget elementor-widget-countdown\" data-id=\"6ef2278b\" data-element_type=\"widget\" data-e-type=\"widget\" data-widget_type=\"countdown.default\">\n\t\t\t\t<div class=\"elementor-widget-container\">\n\t\t\t\t\t\t\t<div data-expire-actions=\"[{&quot;type&quot;:&quot;hide&quot;}]\" class=\"elementor-countdown-wrapper\" data-date=\"1772874000\">\n\t\t\t<div class=\"elementor-countdown-item\"><span class=\"elementor-countdown-digits elementor-countdown-days\"><\/span> <span class=\"elementor-countdown-label\">nap<\/span><\/div><div class=\"elementor-countdown-item\"><span class=\"elementor-countdown-digits elementor-countdown-hours\"><\/span> <span class=\"elementor-countdown-label\">\u00f3ra<\/span><\/div><div class=\"elementor-countdown-item\"><span class=\"elementor-countdown-digits elementor-countdown-minutes\"><\/span> <span class=\"elementor-countdown-label\">perc<\/span><\/div><div class=\"elementor-countdown-item\"><span class=\"elementor-countdown-digits elementor-countdown-seconds\"><\/span> <span class=\"elementor-countdown-label\">m\u00e1sodperc<\/span><\/div>\t\t<\/div>\n\t\t\t\t\t\t<\/div>\n\t\t\t\t<\/div>\n\t\t\t\t<\/div>\n\t\t\t\t\t<\/div>\n\t\t\t\t<\/div>\n\t\t\t\t<section class=\"elementor-section elementor-top-section elementor-element elementor-element-52651a5f elementor-section-boxed elementor-section-height-default elementor-section-height-default\" data-id=\"52651a5f\" data-element_type=\"section\" data-e-type=\"section\" data-settings=\"{&quot;background_background&quot;:&quot;classic&quot;}\">\n\t\t\t\t\t\t<div class=\"elementor-container elementor-column-gap-default\">\n\t\t\t\t\t<div class=\"elementor-column elementor-col-50 elementor-top-column elementor-element elementor-element-30363ced\" data-id=\"30363ced\" data-element_type=\"column\" data-e-type=\"column\">\n\t\t\t<div class=\"elementor-widget-wrap elementor-element-populated\">\n\t\t\t\t\t\t<div class=\"elementor-element elementor-element-1ecf98b5 elementor-nav-menu__align-start elementor-widget__width-initial elementor-nav-menu--dropdown-tablet elementor-nav-menu__text-align-aside elementor-nav-menu--toggle elementor-nav-menu--burger elementor-widget elementor-widget-nav-menu\" data-id=\"1ecf98b5\" data-element_type=\"widget\" data-e-type=\"widget\" data-settings=\"{&quot;submenu_icon&quot;:{&quot;value&quot;:&quot;&lt;svg aria-hidden=\\&quot;true\\&quot; class=\\&quot;fa-svg-chevron-down e-font-icon-svg e-fas-chevron-down\\&quot; viewBox=\\&quot;0 0 448 512\\&quot; xmlns=\\&quot;http:\\\/\\\/www.w3.org\\\/2000\\\/svg\\&quot;&gt;&lt;path d=\\&quot;M207.029 381.476L12.686 187.132c-9.373-9.373-9.373-24.569 0-33.941l22.667-22.667c9.357-9.357 24.522-9.375 33.901-.04L224 284.505l154.745-154.021c9.379-9.335 24.544-9.317 33.901.04l22.667 22.667c9.373 9.373 9.373 24.569 0 33.941L240.971 381.476c-9.373 9.372-24.569 9.372-33.942 0z\\&quot;&gt;&lt;\\\/path&gt;&lt;\\\/svg&gt;&quot;,&quot;library&quot;:&quot;fa-solid&quot;},&quot;layout&quot;:&quot;horizontal&quot;,&quot;toggle&quot;:&quot;burger&quot;}\" data-widget_type=\"nav-menu.default\">\n\t\t\t\t<div class=\"elementor-widget-container\">\n\t\t\t\t\t\t\t\t<nav aria-label=\"Men\u00fc\" class=\"elementor-nav-menu--main elementor-nav-menu__container elementor-nav-menu--layout-horizontal e--pointer-overline e--animation-fade\">\n\t\t\t\t<ul id=\"menu-1-1ecf98b5\" class=\"elementor-nav-menu\"><li class=\"menu-item menu-item-type-custom menu-item-object-custom menu-item-home menu-item-554\"><a href=\"https:\/\/hallasvilagnapja.hu\/hvn\" class=\"elementor-item\">Hall\u00e1s Vil\u00e1gnapja<\/a><\/li>\n<li class=\"menu-item menu-item-type-post_type menu-item-object-page menu-item-1145\"><a href=\"https:\/\/hallasvilagnapja.hu\/hvn\/hearx-terem-2026\/\" class=\"elementor-item\">HEARx konferencia<\/a><\/li>\n<li class=\"menu-item menu-item-type-post_type menu-item-object-page menu-item-1149\"><a href=\"https:\/\/hallasvilagnapja.hu\/hvn\/hallasrehabilitacio-2026\/\" class=\"elementor-item\">Hall\u00e1srehabilit\u00e1ci\u00f3 2026<\/a><\/li>\n<li class=\"menu-item menu-item-type-post_type menu-item-object-page menu-item-1486\"><a href=\"https:\/\/hallasvilagnapja.hu\/hvn\/hallasserult-nagykovetek-2026\/\" class=\"elementor-item\">Hall\u00e1ss\u00e9r\u00fclt Nagyk\u00f6vet<\/a><\/li>\n<\/ul>\t\t\t<\/nav>\n\t\t\t\t\t<div class=\"elementor-menu-toggle\" role=\"button\" tabindex=\"0\" aria-label=\"Men\u00fc kapcsol\u00f3\" aria-expanded=\"false\">\n\t\t\t<svg aria-hidden=\"true\" role=\"presentation\" class=\"elementor-menu-toggle__icon--open e-font-icon-svg e-eicon-menu-bar\" viewBox=\"0 0 1000 1000\" xmlns=\"http:\/\/www.w3.org\/2000\/svg\"><path d=\"M104 333H896C929 333 958 304 958 271S929 208 896 208H104C71 208 42 237 42 271S71 333 104 333ZM104 583H896C929 583 958 554 958 521S929 458 896 458H104C71 458 42 487 42 521S71 583 104 583ZM104 833H896C929 833 958 804 958 771S929 708 896 708H104C71 708 42 737 42 771S71 833 104 833Z\"><\/path><\/svg><svg aria-hidden=\"true\" role=\"presentation\" class=\"elementor-menu-toggle__icon--close e-font-icon-svg e-eicon-close\" viewBox=\"0 0 1000 1000\" xmlns=\"http:\/\/www.w3.org\/2000\/svg\"><path d=\"M742 167L500 408 258 167C246 154 233 150 217 150 196 150 179 158 167 167 154 179 150 196 150 212 150 229 154 242 171 254L408 500 167 742C138 771 138 800 167 829 196 858 225 858 254 829L496 587 738 829C750 842 767 846 783 846 800 846 817 842 829 829 842 817 846 804 846 783 846 767 842 750 829 737L588 500 833 258C863 229 863 200 833 171 804 137 775 137 742 167Z\"><\/path><\/svg>\t\t<\/div>\n\t\t\t\t\t<nav class=\"elementor-nav-menu--dropdown elementor-nav-menu__container\" aria-hidden=\"true\">\n\t\t\t\t<ul id=\"menu-2-1ecf98b5\" class=\"elementor-nav-menu\"><li class=\"menu-item menu-item-type-custom menu-item-object-custom menu-item-home menu-item-554\"><a href=\"https:\/\/hallasvilagnapja.hu\/hvn\" class=\"elementor-item\" tabindex=\"-1\">Hall\u00e1s Vil\u00e1gnapja<\/a><\/li>\n<li class=\"menu-item menu-item-type-post_type menu-item-object-page menu-item-1145\"><a href=\"https:\/\/hallasvilagnapja.hu\/hvn\/hearx-terem-2026\/\" class=\"elementor-item\" tabindex=\"-1\">HEARx konferencia<\/a><\/li>\n<li class=\"menu-item menu-item-type-post_type menu-item-object-page menu-item-1149\"><a href=\"https:\/\/hallasvilagnapja.hu\/hvn\/hallasrehabilitacio-2026\/\" class=\"elementor-item\" tabindex=\"-1\">Hall\u00e1srehabilit\u00e1ci\u00f3 2026<\/a><\/li>\n<li class=\"menu-item menu-item-type-post_type menu-item-object-page menu-item-1486\"><a href=\"https:\/\/hallasvilagnapja.hu\/hvn\/hallasserult-nagykovetek-2026\/\" class=\"elementor-item\" tabindex=\"-1\">Hall\u00e1ss\u00e9r\u00fclt Nagyk\u00f6vet<\/a><\/li>\n<\/ul>\t\t\t<\/nav>\n\t\t\t\t\t\t<\/div>\n\t\t\t\t<\/div>\n\t\t\t\t\t<\/div>\n\t\t<\/div>\n\t\t\t\t<div class=\"elementor-column elementor-col-50 elementor-top-column elementor-element elementor-element-3a25bc31\" data-id=\"3a25bc31\" data-element_type=\"column\" data-e-type=\"column\">\n\t\t\t<div class=\"elementor-widget-wrap elementor-element-populated\">\n\t\t\t\t\t\t<section class=\"elementor-section elementor-inner-section elementor-element elementor-element-2664d834 elementor-hidden-mobile elementor-section-boxed elementor-section-height-default elementor-section-height-default\" data-id=\"2664d834\" data-element_type=\"section\" data-e-type=\"section\">\n\t\t\t\t\t\t<div class=\"elementor-container elementor-column-gap-no\">\n\t\t\t\t\t<div class=\"elementor-column elementor-col-100 elementor-inner-column elementor-element elementor-element-24be34af\" data-id=\"24be34af\" data-element_type=\"column\" data-e-type=\"column\">\n\t\t\t<div class=\"elementor-widget-wrap elementor-element-populated\">\n\t\t\t\t\t\t<div class=\"elementor-element elementor-element-55edb331 animated-fast elementor-align-right elementor-mobile-align-center elementor-button-warning elementor-widget__width-initial elementor-widget-tablet__width-initial elementor-invisible elementor-widget elementor-widget-button\" data-id=\"55edb331\" data-element_type=\"widget\" data-e-type=\"widget\" data-settings=\"{&quot;_animation&quot;:&quot;fadeIn&quot;}\" data-widget_type=\"button.default\">\n\t\t\t\t<div class=\"elementor-widget-container\">\n\t\t\t\t\t\t\t\t\t<div class=\"elementor-button-wrapper\">\n\t\t\t\t\t<a class=\"elementor-button elementor-button-link elementor-size-sm\" href=\"https:\/\/ottleszek.sinosz.hu\/esemeny\/hallas-vilagnapja-2025\" target=\"_blank\" rel=\"nofollow\">\n\t\t\t\t\t\t<span class=\"elementor-button-content-wrapper\">\n\t\t\t\t\t\t\t\t\t<span class=\"elementor-button-text\">Ott leszek \u00e9n is!<\/span>\n\t\t\t\t\t<\/span>\n\t\t\t\t\t<\/a>\n\t\t\t\t<\/div>\n\t\t\t\t\t\t\t\t<\/div>\n\t\t\t\t<\/div>\n\t\t\t\t\t<\/div>\n\t\t<\/div>\n\t\t\t\t\t<\/div>\n\t\t<\/section>\n\t\t\t\t\t<\/div>\n\t\t<\/div>\n\t\t\t\t\t<\/div>\n\t\t<\/section>\n\t\t\t\t<section class=\"elementor-section elementor-top-section elementor-element elementor-element-6cb601b9 elementor-section-full_width elementor-section-height-min-height elementor-section-items-stretch elementor-section-height-default\" data-id=\"6cb601b9\" data-element_type=\"section\" data-e-type=\"section\" data-settings=\"{&quot;background_background&quot;:&quot;classic&quot;}\">\n\t\t\t\t\t\t<div class=\"elementor-container elementor-column-gap-default\">\n\t\t\t\t\t<div class=\"elementor-column elementor-col-100 elementor-top-column elementor-element elementor-element-d1dcee0\" data-id=\"d1dcee0\" data-element_type=\"column\" data-e-type=\"column\">\n\t\t\t<div class=\"elementor-widget-wrap\">\n\t\t\t\t\t\t\t<\/div>\n\t\t<\/div>\n\t\t\t\t\t<\/div>\n\t\t<\/section>\n\t\t\t\t<section class=\"elementor-section elementor-top-section elementor-element elementor-element-7341d02e elementor-section-stretched elementor-section-content-middle elementor-section-boxed elementor-section-height-default elementor-section-height-default\" data-id=\"7341d02e\" data-element_type=\"section\" data-e-type=\"section\" data-settings=\"{&quot;stretch_section&quot;:&quot;section-stretched&quot;,&quot;background_background&quot;:&quot;classic&quot;}\">\n\t\t\t\t\t\t<div class=\"elementor-container elementor-column-gap-no\">\n\t\t\t\t\t<div class=\"elementor-column elementor-col-100 elementor-top-column elementor-element elementor-element-3e987959\" data-id=\"3e987959\" data-element_type=\"column\" data-e-type=\"column\">\n\t\t\t<div class=\"elementor-widget-wrap elementor-element-populated\">\n\t\t\t\t\t\t<section class=\"elementor-section elementor-inner-section elementor-element elementor-element-2160ea85 elementor-section-content-middle elementor-section-boxed elementor-section-height-default elementor-section-height-default\" data-id=\"2160ea85\" data-element_type=\"section\" data-e-type=\"section\">\n\t\t\t\t\t\t<div class=\"elementor-container elementor-column-gap-default\">\n\t\t\t\t\t<div class=\"elementor-column elementor-col-100 elementor-inner-column elementor-element elementor-element-61570b7f\" data-id=\"61570b7f\" data-element_type=\"column\" data-e-type=\"column\">\n\t\t\t<div class=\"elementor-widget-wrap elementor-element-populated\">\n\t\t\t\t\t\t<div class=\"elementor-element elementor-element-2213f2c0 elementor-widget elementor-widget-heading\" data-id=\"2213f2c0\" data-element_type=\"widget\" data-e-type=\"widget\" data-widget_type=\"heading.default\">\n\t\t\t\t<div class=\"elementor-widget-container\">\n\t\t\t\t\t<h2 class=\"elementor-heading-title elementor-size-default\">Rosta\u0301ne\u0301 Lutz Gabriella<\/h2>\t\t\t\t<\/div>\n\t\t\t\t<\/div>\n\t\t\t\t\t<\/div>\n\t\t<\/div>\n\t\t\t\t\t<\/div>\n\t\t<\/section>\n\t\t\t\t\t<\/div>\n\t\t<\/div>\n\t\t\t\t\t<\/div>\n\t\t<\/section>\n\t\t\t\t<div class=\"elementor-section elementor-top-section elementor-element elementor-element-651d30f8 elementor-section-stretched elementor-section-content-middle elementor-section-boxed elementor-section-height-default elementor-section-height-default\" data-id=\"651d30f8\" data-element_type=\"section\" data-e-type=\"section\" data-settings=\"{&quot;stretch_section&quot;:&quot;section-stretched&quot;}\">\n\t\t\t\t\t\t<div class=\"elementor-container elementor-column-gap-default\">\n\t\t\t\t\t<div class=\"elementor-column elementor-col-100 elementor-top-column elementor-element elementor-element-6b2f24fd\" data-id=\"6b2f24fd\" data-element_type=\"column\" data-e-type=\"column\">\n\t\t\t<div class=\"elementor-widget-wrap elementor-element-populated\">\n\t\t\t\t\t\t<div class=\"elementor-element elementor-element-12b92b88 elementor-invisible elementor-widget elementor-widget-heading\" data-id=\"12b92b88\" data-element_type=\"widget\" data-e-type=\"widget\" data-settings=\"{&quot;_animation&quot;:&quot;fadeInUp&quot;}\" data-widget_type=\"heading.default\">\n\t\t\t\t<div class=\"elementor-widget-container\">\n\t\t\t\t\t<h2 class=\"elementor-heading-title elementor-size-default\">Az \u00e9n t\u00f6rt\u00e9netem<\/h2>\t\t\t\t<\/div>\n\t\t\t\t<\/div>\n\t\t\t\t<div class=\"elementor-element elementor-element-5efb0e3 elementor-shape-square e-grid-align-left elementor-grid-0 elementor-invisible elementor-widget elementor-widget-social-icons\" data-id=\"5efb0e3\" data-element_type=\"widget\" data-e-type=\"widget\" data-settings=\"{&quot;_animation&quot;:&quot;fadeInUp&quot;,&quot;_animation_delay&quot;:200}\" data-widget_type=\"social-icons.default\">\n\t\t\t\t<div class=\"elementor-widget-container\">\n\t\t\t\t\t\t\t<div class=\"elementor-social-icons-wrapper elementor-grid\" role=\"list\">\n\t\t\t\t\t\t\t<span class=\"elementor-grid-item\" role=\"listitem\">\n\t\t\t\t\t<a class=\"elementor-icon elementor-social-icon elementor-social-icon-facebook-f elementor-repeater-item-c47b00f\" target=\"_blank\">\n\t\t\t\t\t\t<span class=\"elementor-screen-only\">Facebook-f<\/span>\n\t\t\t\t\t\t<svg aria-hidden=\"true\" class=\"e-font-icon-svg e-fab-facebook-f\" viewBox=\"0 0 320 512\" xmlns=\"http:\/\/www.w3.org\/2000\/svg\"><path d=\"M279.14 288l14.22-92.66h-88.91v-60.13c0-25.35 12.42-50.06 52.24-50.06h40.42V6.26S260.43 0 225.36 0c-73.22 0-121.08 44.38-121.08 124.72v70.62H22.89V288h81.39v224h100.17V288z\"><\/path><\/svg>\t\t\t\t\t<\/a>\n\t\t\t\t<\/span>\n\t\t\t\t\t\t\t<span class=\"elementor-grid-item\" role=\"listitem\">\n\t\t\t\t\t<a class=\"elementor-icon elementor-social-icon elementor-social-icon-twitter elementor-repeater-item-871ea85\" target=\"_blank\">\n\t\t\t\t\t\t<span class=\"elementor-screen-only\">Twitter<\/span>\n\t\t\t\t\t\t<svg aria-hidden=\"true\" class=\"e-font-icon-svg e-fab-twitter\" viewBox=\"0 0 512 512\" xmlns=\"http:\/\/www.w3.org\/2000\/svg\"><path d=\"M459.37 151.716c.325 4.548.325 9.097.325 13.645 0 138.72-105.583 298.558-298.558 298.558-59.452 0-114.68-17.219-161.137-47.106 8.447.974 16.568 1.299 25.34 1.299 49.055 0 94.213-16.568 130.274-44.832-46.132-.975-84.792-31.188-98.112-72.772 6.498.974 12.995 1.624 19.818 1.624 9.421 0 18.843-1.3 27.614-3.573-48.081-9.747-84.143-51.98-84.143-102.985v-1.299c13.969 7.797 30.214 12.67 47.431 13.319-28.264-18.843-46.781-51.005-46.781-87.391 0-19.492 5.197-37.36 14.294-52.954 51.655 63.675 129.3 105.258 216.365 109.807-1.624-7.797-2.599-15.918-2.599-24.04 0-57.828 46.782-104.934 104.934-104.934 30.213 0 57.502 12.67 76.67 33.137 23.715-4.548 46.456-13.32 66.599-25.34-7.798 24.366-24.366 44.833-46.132 57.827 21.117-2.273 41.584-8.122 60.426-16.243-14.292 20.791-32.161 39.308-52.628 54.253z\"><\/path><\/svg>\t\t\t\t\t<\/a>\n\t\t\t\t<\/span>\n\t\t\t\t\t\t\t<span class=\"elementor-grid-item\" role=\"listitem\">\n\t\t\t\t\t<a class=\"elementor-icon elementor-social-icon elementor-social-icon-google-plus-g elementor-repeater-item-3d91771\" target=\"_blank\">\n\t\t\t\t\t\t<span class=\"elementor-screen-only\">Google-plus-g<\/span>\n\t\t\t\t\t\t<svg aria-hidden=\"true\" class=\"e-font-icon-svg e-fab-google-plus-g\" viewBox=\"0 0 640 512\" xmlns=\"http:\/\/www.w3.org\/2000\/svg\"><path d=\"M386.061 228.496c1.834 9.692 3.143 19.384 3.143 31.956C389.204 370.205 315.599 448 204.8 448c-106.084 0-192-85.915-192-192s85.916-192 192-192c51.864 0 95.083 18.859 128.611 50.292l-52.126 50.03c-14.145-13.621-39.028-29.599-76.485-29.599-65.484 0-118.92 54.221-118.92 121.277 0 67.056 53.436 121.277 118.92 121.277 75.961 0 104.513-54.745 108.965-82.773H204.8v-66.009h181.261zm185.406 6.437V179.2h-56.001v55.733h-55.733v56.001h55.733v55.733h56.001v-55.733H627.2v-56.001h-55.733z\"><\/path><\/svg>\t\t\t\t\t<\/a>\n\t\t\t\t<\/span>\n\t\t\t\t\t\t\t<span class=\"elementor-grid-item\" role=\"listitem\">\n\t\t\t\t\t<a class=\"elementor-icon elementor-social-icon elementor-social-icon-github elementor-repeater-item-bb617e3\" target=\"_blank\">\n\t\t\t\t\t\t<span class=\"elementor-screen-only\">Github<\/span>\n\t\t\t\t\t\t<svg aria-hidden=\"true\" class=\"e-font-icon-svg e-fab-github\" viewBox=\"0 0 496 512\" xmlns=\"http:\/\/www.w3.org\/2000\/svg\"><path d=\"M165.9 397.4c0 2-2.3 3.6-5.2 3.6-3.3.3-5.6-1.3-5.6-3.6 0-2 2.3-3.6 5.2-3.6 3-.3 5.6 1.3 5.6 3.6zm-31.1-4.5c-.7 2 1.3 4.3 4.3 4.9 2.6 1 5.6 0 6.2-2s-1.3-4.3-4.3-5.2c-2.6-.7-5.5.3-6.2 2.3zm44.2-1.7c-2.9.7-4.9 2.6-4.6 4.9.3 2 2.9 3.3 5.9 2.6 2.9-.7 4.9-2.6 4.6-4.6-.3-1.9-3-3.2-5.9-2.9zM244.8 8C106.1 8 0 113.3 0 252c0 110.9 69.8 205.8 169.5 239.2 12.8 2.3 17.3-5.6 17.3-12.1 0-6.2-.3-40.4-.3-61.4 0 0-70 15-84.7-29.8 0 0-11.4-29.1-27.8-36.6 0 0-22.9-15.7 1.6-15.4 0 0 24.9 2 38.6 25.8 21.9 38.6 58.6 27.5 72.9 20.9 2.3-16 8.8-27.1 16-33.7-55.9-6.2-112.3-14.3-112.3-110.5 0-27.5 7.6-41.3 23.6-58.9-2.6-6.5-11.1-33.3 2.6-67.9 20.9-6.5 69 27 69 27 20-5.6 41.5-8.5 62.8-8.5s42.8 2.9 62.8 8.5c0 0 48.1-33.6 69-27 13.7 34.7 5.2 61.4 2.6 67.9 16 17.7 25.8 31.5 25.8 58.9 0 96.5-58.9 104.2-114.8 110.5 9.2 7.9 17 22.9 17 46.4 0 33.7-.3 75.4-.3 83.6 0 6.5 4.6 14.4 17.3 12.1C428.2 457.8 496 362.9 496 252 496 113.3 383.5 8 244.8 8zM97.2 352.9c-1.3 1-1 3.3.7 5.2 1.6 1.6 3.9 2.3 5.2 1 1.3-1 1-3.3-.7-5.2-1.6-1.6-3.9-2.3-5.2-1zm-10.8-8.1c-.7 1.3.3 2.9 2.3 3.9 1.6 1 3.6.7 4.3-.7.7-1.3-.3-2.9-2.3-3.9-2-.6-3.6-.3-4.3.7zm32.4 35.6c-1.6 1.3-1 4.3 1.3 6.2 2.3 2.3 5.2 2.6 6.5 1 1.3-1.3.7-4.3-1.3-6.2-2.2-2.3-5.2-2.6-6.5-1zm-11.4-14.7c-1.6 1-1.6 3.6 0 5.9 1.6 2.3 4.3 3.3 5.6 2.3 1.6-1.3 1.6-3.9 0-6.2-1.4-2.3-4-3.3-5.6-2z\"><\/path><\/svg>\t\t\t\t\t<\/a>\n\t\t\t\t<\/span>\n\t\t\t\t\t\t\t<span class=\"elementor-grid-item\" role=\"listitem\">\n\t\t\t\t\t<a class=\"elementor-icon elementor-social-icon elementor-social-icon-linkedin-in elementor-repeater-item-f4e8543\" target=\"_blank\">\n\t\t\t\t\t\t<span class=\"elementor-screen-only\">Linkedin-in<\/span>\n\t\t\t\t\t\t<svg aria-hidden=\"true\" class=\"e-font-icon-svg e-fab-linkedin-in\" viewBox=\"0 0 448 512\" xmlns=\"http:\/\/www.w3.org\/2000\/svg\"><path d=\"M100.28 448H7.4V148.9h92.88zM53.79 108.1C24.09 108.1 0 83.5 0 53.8a53.79 53.79 0 0 1 107.58 0c0 29.7-24.1 54.3-53.79 54.3zM447.9 448h-92.68V302.4c0-34.7-.7-79.2-48.29-79.2-48.29 0-55.69 37.7-55.69 76.7V448h-92.78V148.9h89.08v40.8h1.3c12.4-23.5 42.69-48.3 87.88-48.3 94 0 111.28 61.9 111.28 142.3V448z\"><\/path><\/svg>\t\t\t\t\t<\/a>\n\t\t\t\t<\/span>\n\t\t\t\t\t<\/div>\n\t\t\t\t\t\t<\/div>\n\t\t\t\t<\/div>\n\t\t\t\t<div class=\"elementor-element elementor-element-27500643 elementor-invisible elementor-widget elementor-widget-text-editor\" data-id=\"27500643\" data-element_type=\"widget\" data-e-type=\"widget\" data-settings=\"{&quot;_animation&quot;:&quot;fadeInUp&quot;,&quot;_animation_delay&quot;:300}\" data-widget_type=\"text-editor.default\">\n\t\t\t\t<div class=\"elementor-widget-container\">\n\t\t\t\t\t\t\t\t\t<p><span style=\"font-weight: 400;\">Aznap reggel arra \u00e9bredt, hogy a jobb f\u00fcl\u00e9re nem hall rendesen. Olyan volt, mintha v\u00edz ment volna bele, de miut\u00e1n r\u00e9gen nem j\u00e1rt uszod\u00e1ban \u00e9s az esti zuhanyoz\u00e1sn\u00e1l sem folyhatott be t\u00fal sok v\u00edz a f\u00fcl\u00e9be, arra jutott, hogy v\u00edz nem okozhatta a tompa \u00e9rz\u00e9st. Biztosan megf\u00e1zott, gondolta, nem tulajdon\u00edtott nagyobb jelent\u0151s\u00e9get a dolognak. Fel\u00f6lt\u00f6z\u00f6tt \u00e9s elindult a munkahely\u00e9re. A tompa nyom\u00e1s nem m\u00falt. Nem akarta annyiban hagyni a dolgot, lement a c\u00e9g \u00fczemorvos\u00e1hoz, aki azonnal a k\u00f6rzeti orvoshoz &#8211; akkoriban m\u00e9g \u00edgy h\u00edvt\u00e1k a h\u00e1ziorvost &#8211; ir\u00e1ny\u00edtotta. Amikor a k\u00f6rzeti orvos azonnal k\u00f3rh\u00e1zba utalta \u00e9s m\u00e9g a holmij\u00e1\u00e9rt, m\u00e9g a fogkef\u00e9j\u00e9\u00e9rt sem engedte haza, m\u00e1r agg\u00f3dni kezdett. A k\u00f3rh\u00e1zban r\u00f6gt\u00f6n inf\u00fazi\u00f3ra rakt\u00e1k, de m\u00e9g mindig nem mondtak semmit. K\u00e9ts\u00e9gbe es\u00e9s\u00e9t fokozta, hogy kisl\u00e1nyai az \u00f3vod\u00e1ban \u00e9s a b\u00f6lcs\u0151d\u00e9ben v\u00e1rtak r\u00e1. F\u00e9rje k\u00fclf\u00f6ld\u00f6n volt, hivatalos \u00faton, apuk\u00e1ja vid\u00e9ken, anyuk\u00e1j\u00e1t nem tudta otthon el\u00e9rni. Mobil telefon m\u00e9g nem volt, csak vonalas. Ha valaki elment v\u00e1s\u00e1rolni, azt nem lehetett el\u00e9rni addig, am\u00edg haza nem t\u00e9rt. K\u00e9ts\u00e9gbe esett, mi lesz a gyerekekkel? V\u00e9g\u00fcl egy koll\u00e9gan\u0151je seg\u00edtett neki, aki a gyerekeket \u00f6sszeszedte, s addigra szerencs\u00e9re anyuk\u00e1ja is el\u0151ker\u00fclt. M\u00e9g apuk\u00e1ja is meg\u00e9rezte, hogy baj van \u00e9s a csak m\u00e1snapra tervezett hazautaz\u00e1s helyett egy nappal kor\u00e1bban hazat\u00e9rt.\u00a0<\/span><\/p><p><span style=\"font-weight: 400;\">A k\u00f3rh\u00e1zban t\u00f6lt\u00f6tt egy h\u00e9t alatt alaposan kivizsg\u00e1lt\u00e1k, de semmi ok\u00e1t nem tal\u00e1lt\u00e1k a hall\u00e1sveszt\u00e9snek. Nem mondt\u00e1k ki, de sejttett\u00e9k, hogy tart\u00f3s lesz a hall\u00e1sk\u00e1rosod\u00e1s. Akkor m\u00e9g nem \u00e9rezte a v\u00e1ltoz\u00e1s s\u00faly\u00e1t. Napr\u00f3l, napra er\u0151s\u00f6d\u00f6tt benne a felismer\u00e9s, hogy vesz\u00e9lybe ker\u00fclhet a munk\u00e1ja, hiszen ahhoz fontos volt a j\u00f3 hall\u00e1s. Az \u00e9rtekezleteken egyszerre t\u00f6bben is besz\u00e9ltek, egym\u00e1s szav\u00e1ba v\u00e1gva, n\u00e9ha azt sem tudta, melyik oldalr\u00f3l hallja a szavakat. K\u00fcl\u00f6n\u00f6sen az idegen nyelv\u0171 megbesz\u00e9l\u00e9sek \u00e9s f\u0151leg a videokonferenci\u00e1k okoztak neh\u00e9zs\u00e9get. Minden porcik\u00e1ja tiltakozott, amikor az f\u00fcl-orr-g\u00e9g\u00e9sz hall\u00f3k\u00e9sz\u00fcl\u00e9ket javasolt. H\u00fazta az id\u0151t, nem akart szembes\u00fclni a t\u00e9nyekkel, de egy id\u0151 ut\u00e1n feladta az ellen\u00e1ll\u00e1st \u00e9s elfogadta az elfogadhatatlant \u00e9s megcsin\u00e1ltatta a hall\u00f3j\u00e1rati k\u00e9sz\u00fcl\u00e9ket. Elhat\u00e1roz\u00e1s\u00e1ban sokat seg\u00edtette, hogy anyuk\u00e1ja ekkor vallotta be, hogy a gyerekkori, gyakori f\u00fclf\u00e1j\u00e1sokat kezel\u0151, h\u00edres professzor m\u00e1r 25 \u00e9ve megj\u00f3solta, hogy ez a gyerek meg fog siket\u00fclni el\u0151bb-ut\u00f3bb, ha m\u00e1skor nem, a gyereksz\u00fcl\u00e9s ut\u00e1n. Ezt a nyomaszt\u00f3 terhet anyuk\u00e1ja egyed\u00fcl viselte, nem akarta l\u00e1ny\u00e1t terhelni, vagy tal\u00e1n maga sem hitte igaz\u00e1n, de a j\u00f3slat beteljes\u00fcl\u00e9se sz\u00ednvall\u00e1sra k\u00e9sztette.\u00a0<\/span><\/p><p><span style=\"font-weight: 400;\">A hall\u00f3k\u00e9sz\u00fcl\u00e9k sokat seg\u00edtett, de nem volt t\u00f6k\u00e9letes. Az audiol\u00f3giai vizsg\u00e1latok a m\u00e1sik f\u00fcl \u00e9rintetts\u00e9g\u00e9t is jelezt\u00e9k, \u00edgy a \u201dszok\u00e1sos\u201d, hosszas v\u00edv\u00f3d\u00e1st k\u00f6vet\u0151en a m\u00e1sik f\u00fclre is r\u00e1ker\u00fclt a k\u00e9sz\u00fcl\u00e9k.\u00a0<\/span><\/p><p><span style=\"font-weight: 400;\">\u00dajra kiny\u00edlt a vil\u00e1g, jobb lett a k\u00f6rnyezet \u00e9rz\u00e9kel\u00e9se, de valami m\u00e9g mindig nem volt t\u00f6k\u00e9letes. A hall\u00e1sg\u00f6rbe lass\u00fa, de folyamatos s\u00fcllyed\u00e9st mutatott, imm\u00e1ron mindk\u00e9t f\u00fclben. Ekkor ker\u00fclt a kez\u00e9be a N\u0151k Lapja egyik cikke, mely a biorezonanci\u00e1s k\u00e9sz\u00fcl\u00e9k hall\u00e1sk\u00e1rosod\u00e1sra val\u00f3 j\u00f3t\u00e9kony hat\u00e1s\u00e1t mutatta be. Nem lehet tudni, hogy a biorezonanci\u00e1s kezel\u00e9s seg\u00edtett-e a hall\u00e1sroml\u00e1s lass\u00edt\u00e1s\u00e1ban vagy sem, de \u0151 hitt benne \u00e9s ez minden betegs\u00e9g lek\u00fczd\u00e9s\u00e9ben nagyon fontos. Az akarat, a hit ereje szikl\u00e1kat k\u00e9pes elmozd\u00edtani. Nem bizony\u00edthat\u00f3, de \u00fagy \u00e9rezte, hogy az \u00e9vtizedeken \u00e1t tart\u00f3 kezel\u00e9s lelass\u00edtotta a hall\u00e1s roml\u00e1st, \u00e9s megakad\u00e1lyozta a teljes sikets\u00e9get.\u00a0<\/span><\/p><p><span style=\"font-weight: 400;\">B\u00e1r a hall\u00e1sk\u00e1rosod\u00e1s m\u00e9g nem jelentett sikets\u00e9get, de \u00fagy \u00e9rezte, hogy erre fel kell k\u00e9sz\u00fclnie akkor is, ha nem k\u00f6vetkezik be. Legfeljebb lesz egy m\u00e1sik szakm\u00e1ja is, gondolta \u00e9s beiratkozott egy jelnyelvi tolm\u00e1csk\u00e9pz\u0151 tanfolyamra. A h\u00e1rom \u00e9ves, kem\u00e9ny k\u00e9pz\u00e9s a jelnyelv megismer\u00e9s\u00e9n t\u00fal megismertette a hall\u00e1sk\u00e1rosod\u00e1ssal kapcsolatos jogi ismeretekkel, az int\u00e9zm\u00e9nyekkel, azok m\u0171k\u00f6d\u00e9s\u00e9vel. A nyelvi gyakorlatok a SINOSZ-ban voltak, amely nem volt ismeretlen terep a sz\u00e1m\u00e1ra. Teljesen siket, id\u0151s nagymam\u00e1j\u00e1t k\u00eds\u00e9rte sz\u00e1mtalanszor a Bencz\u00far utcai \u00e9p\u00fcletbe, ahol \u00e1h\u00edtattal figyelte a jelnyelvi pletyk\u00e1lkod\u00e1st. Kicsit bele is tanult a jelekbe, de folyamatosan nem tudott besz\u00e9lni. Ekkor b\u00e1nta csak igaz\u00e1n, hogy gyerekkor\u00e1ban nem figyelt oda jobban \u00e9s nem saj\u00e1t\u00edtotta el t\u00f6k\u00e9letesen a jelnyelvet, hiszen a gyakorlatban, a nyelvi k\u00f6rnyezetben lehet igaz\u00e1n megtanulni egy nyelvet. \u00cdgy van ez a hangz\u00f3 nyelvek eset\u00e9ben is. Arra gondolt, hogy idegennyelv-tud\u00e1s\u00e1val seg\u00edteni tud majd jelnyelvre ford\u00edtani sorst\u00e1rsainak a mondanival\u00f3t egy-egy k\u00fclf\u00f6ldi utaz\u00e1sn\u00e1l, vagy b\u00e1rmilyen angol vagy n\u00e9met nyelv\u0171 \u00fcgyint\u00e9z\u00e9sn\u00e9l. a diplomamunk\u00e1j\u00e1t is a jelnyelvi \u00e9s hangz\u00f3 nyelvi tolm\u00e1csol\u00e1s \u00f6sszehasonl\u00edt\u00e1s\u00e1r\u00f3l \u00edrta. Ez az elk\u00e9pzel\u00e9s azt\u00e1n csak \u00e1lom maradt, mert munk\u00e1ja nem engedte meg, hogy belevesse mag\u00e1t egy p\u00e1rhuzamos vil\u00e1gba.\u00a0<\/span><\/p><p><span style=\"font-weight: 400;\">Mint tudjuk, egy nyelv ismerete akkor marad meg, ha azt rendszeresen haszn\u00e1lj\u00e1k, gondozz\u00e1k. Sajnos a jelnyelv gyakorl\u00e1s\u00e1ra kev\u00e9s ideje \u00e9s alkalma volt, \u00edgy a tud\u00e1sa megkopott, m\u00e1r csak nagyj\u00e1b\u00f3l \u00e9rti, ha mellette jelelnek. Mondjuk nem is illik \u201ebelehallgatni\u201d m\u00e1sok besz\u00e9lget\u00e9s\u00e9be. Az\u00e9rt sz\u00fcks\u00e9g eset\u00e9n k\u00f6nnyebb lesz visszahozni az elhalv\u00e1nyult tud\u00e1st, mint null\u00e1r\u00f3l kezdeni a tanul\u00e1st. A sz\u00f3t\u00e1rakat, nyelvi kazett\u00e1kat tov\u00e1bbra is \u0151rzi, mert a jelnyelvet fontosnak tartja. Sokat gondolkodott azon a vit\u00e1n, hogy mi jobb a gyerekeknek: ha arra szoktatj\u00e1k \u0151ket, hogy a sz\u00e1jr\u00f3l olvas\u00e1s seg\u00edts\u00e9g\u00e9vel boldoguljanak a vil\u00e1gban \u00e9s ne tanulj\u00e1k meg a jelnyelvet, vagy legyen p\u00e1rhuzamos az oktat\u00e1s. Egy\u00e9rtelm\u0171en annak volt h\u00edve, hogy meg kell tanulnia a gyerekeknek a jelnyelvet is, de meg kell tanulniuk a hall\u00f3k vil\u00e1g\u00e1ban is boldogulni. A jelnyelv a sorst\u00e1rsak k\u00f6z\u00f6tti szorosabb kapcsolat\u00e9p\u00edt\u00e9st teszi lehet\u0151v\u00e9 \u00e9s az sem elhanyagolhat\u00f3 szempont, hogy plusz tud\u00e1st ad. Ah\u00e1ny nyelv, annyi ember.\u00a0<\/span><\/p><p><span style=\"font-weight: 400;\">Az\u00e9rt az elkopott nyelvtud\u00e1s arra m\u00e9g el\u00e9g volt, hogy tesztelje azokat a l\u00e1nyokat, akik a vonaton vagy H\u00c9V-en \u00e1tadtak egy-egy kulcstart\u00f3t, kis c\u00e9dul\u00e1val, mely szerint hall\u00e1ss\u00e9r\u00fcltek, \u00e9s k\u00e9rik a kulcstart\u00f3 megv\u00e1s\u00e1rl\u00e1s\u00e1t.\u00a0 Ha a jelnyelven feltett k\u00e9rd\u00e9sre: hogy tudsz jelelni, jelnyelven tudtak v\u00e1laszolni, t\u00f6bb kulcstart\u00f3 is gazd\u00e1ra tal\u00e1lt.\u00a0 Ellenkez\u0151 esetben elmaradt a v\u00e1s\u00e1rl\u00e1s. Meg kell tanulni a jelnyelvet, ebb\u0151l is l\u00e1tszik!<\/span><\/p><p><span style=\"font-weight: 400;\">A hall\u00e1ss\u00e9r\u00fcl\u00e9s nem volt olyan m\u00e9rt\u00e9k\u0171, melyet a k\u00e9t k\u00e9sz\u00fcl\u00e9kkel ne tudott volna kompenz\u00e1lni, ha nem is teljes m\u00e9rt\u00e9kben. B\u00e1r a hangosbemond\u00f3k recseg\u00e9s\u00e9b\u0151l soha nem tudta kih\u00e1mozni, hogy mit \u00fczentek, vagy ha a sz\u00ednh\u00e1zban m\u00e1r csak a nyolcadik soron t\u00fal kapott jegyet, nem tudta \u00e9lvezni a darabot. Ebben persze nagy r\u00e9sze volt annak, hogy a sz\u00edn\u00e9szek artikul\u00e1ci\u00f3ja m\u00e1r nem az igazi. R\u00e9gen, mikro port n\u00e9lk\u00fcl bezengte \u00f6bl\u00f6s hangjuk az eg\u00e9sz n\u00e9z\u0151teret, most meg m\u00e1r a kis mikrofonnal sem jut t\u00fal a hangjuk n\u00e9h\u00e1ny soron.\u00a0<\/span><\/p><p><span style=\"font-weight: 400;\">A fogyat\u00e9kkal \u00e9l\u0151k helyzete m\u00e9g ma sem k\u00f6nny\u0171, b\u00e1r valamilyen fejl\u0151d\u00e9s tapasztalhat\u00f3 ezen a t\u00e9ren. Az emberek figyelmetlens\u00e9ge gyakran tudatlans\u00e1gb\u00f3l, nemt\u00f6r\u0151d\u00f6ms\u00e9gb\u0151l fakad, ami persze nem vigasztalja a h\u00e1tr\u00e1nnyal \u00e9l\u0151ket.\u00a0\u00a0<\/span><\/p><p><span style=\"font-weight: 400;\">Soha nem felejti el azt a t\u00f6rt\u00e9netet, amikor a covid alatt, az orvosi rendel\u0151ben a vizsg\u00e1latra v\u00e1rt. A maszkos asszisztensn\u0151 sarkig t\u00e1rta a rendel\u0151 ajtaj\u00e1t \u00e9s elmondott egy nevet. Felfigyelt az asszisztensn\u0151 egyre m\u00e9rgesebb tekintet\u00e9re \u00e9s a folyos\u00f3n \u00fcl\u0151k egym\u00e1st f\u00fcrk\u00e9sz\u0151, keres\u0151 tekintet\u00e9re. \u201eNa, ez \u00e9n leszek\u201d &#8211; gondolta. Fel\u00e1llt \u00e9s a maszkos n\u0151v\u00e9rnek szegezte a k\u00e9rd\u00e9st:<\/span><\/p><ul><li style=\"font-weight: 400;\" aria-level=\"1\"><span style=\"font-weight: 400;\">Engem sz\u00f3l\u00edtott?\u00a0<\/span><\/li><li style=\"font-weight: 400;\" aria-level=\"1\"><span style=\"font-weight: 400;\">Mag\u00e1t, h\u00e1t, s\u00fcket maga? \u2013 replik\u00e1zott az imm\u00e1r d\u00fch\u00f6s, maszkos figura<\/span><\/li><li style=\"font-weight: 400;\" aria-level=\"1\"><span style=\"font-weight: 400;\">Igen. Nem \u00e9rtem, mit mond, hall\u00e1ss\u00e9r\u00fclt vagyok, a maszkt\u00f3l nem l\u00e1tom a sz\u00e1j\u00e1t sem.<\/span><\/li><li style=\"font-weight: 400;\" aria-level=\"1\"><span style=\"font-weight: 400;\">Eln\u00e9z\u00e9st- dadogta, nem tudtam &#8211; h\u00faz\u00f3dott vissza a csigah\u00e1zba hirtelen az \u00e1pol\u00f3n\u0151.<\/span><\/li><\/ul><p><span style=\"font-weight: 400;\">A m\u00faltkor egy mag\u00e1norvosi rendel\u0151ben m\u00e1r a gar\u00e1zslej\u00e1r\u00f3n\u00e1l elakadt: a soromp\u00f3n\u00e1l becsengetett ugyan, de nem hallotta, hogy a portaszolg\u00e1lat h\u00e1nyas sz\u00e1m\u00fa parkol\u00f3ba ir\u00e1ny\u00edtja. Ott lent is hi\u00e1ba nyomkodta a port\u00e1hoz vezet\u0151 ajt\u00f3 cseng\u0151j\u00e9t, nem hallotta az ajt\u00f3 kattan\u00e1s\u00e1t, mellyel bejuthatott volna. De ott legal\u00e1bb sz\u00e1mokkal ki\u00edrt\u00e1k, hogy kit, melyik rendel\u0151ben v\u00e1rnak.\u00a0<\/span><\/p><p><span style=\"font-weight: 400;\">Arra sem gondolnak, hogy egy buszon bemondott inform\u00e1ci\u00f3 sem jut el mindenkihez. El\u0151fordult, hogy mindenki lesz\u00e1llt, \u00e9s csak akkor j\u00f6tt r\u00e1, hogy \u00e1t kell sz\u00e1llni egy m\u00e1sik j\u00e1rm\u0171re, mikor a busz m\u00e1r visszafordult.\u00a0<\/span><\/p><p><span style=\"font-weight: 400;\">Az sem jutott el hozz\u00e1, amikor a metr\u00f3ban a mozg\u00f3l\u00e9pcs\u0151n haladva bemondt\u00e1k, hogy \u201ek\u00e9sz\u00edts\u00e9k el\u0151 jegy\u00fcket, b\u00e9rlet\u00fcket\u201d. Nem is \u00e9rtette, hogy mit\u0151l d\u00fch\u00f6sek a l\u00e9pcs\u0151 alj\u00e1ban v\u00e1rakoz\u00f3 ellen\u0151r\u00f6k. Nem kellene csod\u00e1lkozniuk, ha a felh\u00edv\u00e1s, sz\u00f3 szerint, siket f\u00fclekre tal\u00e1l.<\/span><\/p><p><span style=\"font-weight: 400;\">Neh\u00e9z volt azzal is szembes\u00fclnie, ha h\u00fcly\u00e9nek n\u00e9zt\u00e9k, pedig nem h\u00fclye volt, csak rosszul, vagy egy\u00e1ltal\u00e1n nem hallott. P\u00e9ld\u00e1ul, ha visszak\u00e9rdezett, hogy a boltban mennyibe ker\u00fclt egy \u00fcveg bor \u00e9s a v\u00e1lasz egy kiab\u00e1l\u00e1sba \u00e1tcsap\u00f3 m\u00e9ltatlankod\u00f3 v\u00e1lasz volt \u00e9s az elad\u00f3 szem\u00e9b\u0151l s\u00fct\u00f6tt a\u201d h\u00fclye ez, hogy els\u0151re nem \u00e9rti\u201d?\u00a0<\/span><\/p><p><span style=\"font-weight: 400;\">De nem sok\u00e1ig lesz ez \u00edgy. A technika k\u00f6zben robban\u00e1sszer\u0171en fejl\u0151dik, mely nem ker\u00fcli el a hall\u00f3k\u00e9sz\u00fcl\u00e9k ipart sem. A mobil telefonokhoz kapcsolhat\u00f3 k\u00e9sz\u00fcl\u00e9keken m\u00e1r \u00e1ll\u00edtani lehet a hanger\u0151t, ki lehet v\u00e1lasztani a pillanatnyi k\u00f6rnyezetet is, att\u00f3l f\u00fcgg\u0151en, hogy koncerten, \u00e9tteremben, vagy aut\u00f3ban \u00fcl-e valaki. Ma m\u00e1r nem k\u00e9rd\u00e9s, hogy a k\u00e9sz\u00fcl\u00e9khez kapcsolhat\u00f3 mikrofon j\u00f3 szolg\u00e1latot tesz a konferencia megbesz\u00e9l\u00e9seken, de a sz\u00ednh\u00e1zakban \u00e9s a TV n\u00e9z\u00e9sben is.\u00a0<\/span><\/p><p><span style=\"font-weight: 400;\">\u00c9s a technikai fejl\u0151d\u00e9s nem \u00e1ll meg. Biztosak lehet\u00fcnk benne, hogy el\u0151bb ut\u00f3bb vissza fogja tudni \u00e1ll\u00edtani a tudom\u00e1ny a teljes hall\u00e1s\u00e9lm\u00e9nyt azoknak is, akik teljesen elvesz\u00edtett\u00e9k a hall\u00e1sukat. Cs\u00fcgged\u00e9sre semmi ok! De addig is \u00e9ljen a jelnyelv!\u00a0<\/span><\/p><p><strong>Budapest, 2026. febru\u00e1r 22.<\/strong><\/p><p><strong>Rost\u00e1n\u00e9 Lutz Gabriella<\/strong><\/p>\t\t\t\t\t\t\t\t<\/div>\n\t\t\t\t<\/div>\n\t\t\t\t<div class=\"elementor-element elementor-element-1ae15c99 elementor-align-left elementor-widget elementor-widget-elementskit-button\" data-id=\"1ae15c99\" data-element_type=\"widget\" data-e-type=\"widget\" data-widget_type=\"elementskit-button.default\">\n\t\t\t\t<div class=\"elementor-widget-container\">\n\t\t\t\t\t<div class=\"ekit-wid-con\" >\t\t<div class=\"ekit-btn-wraper\">\n\t\t\t\t\t\t\t<a href=\"https:\/\/hallasvilagnapja.hu\/hvn\/?page_id=1002\" class=\"elementskit-btn  whitespace--normal\" id=\"\">\n\t\t\t\t\tVissza a jel\u00f6ltekhez\t\t\t\t<\/a>\n\t\t\t\t\t<\/div>\n        <\/div>\t\t\t\t<\/div>\n\t\t\t\t<\/div>\n\t\t\t\t<div class=\"elementor-element elementor-element-2c1a13f2 elementor-widget-divider--view-line elementor-invisible elementor-widget elementor-widget-divider\" data-id=\"2c1a13f2\" data-element_type=\"widget\" data-e-type=\"widget\" data-settings=\"{&quot;_animation&quot;:&quot;fadeInUp&quot;}\" data-widget_type=\"divider.default\">\n\t\t\t\t<div class=\"elementor-widget-container\">\n\t\t\t\t\t\t\t<div class=\"elementor-divider\">\n\t\t\t<span class=\"elementor-divider-separator\">\n\t\t\t\t\t\t<\/span>\n\t\t<\/div>\n\t\t\t\t\t\t<\/div>\n\t\t\t\t<\/div>\n\t\t\t\t\t<\/div>\n\t\t<\/div>\n\t\t\t\t\t<\/div>\n\t\t<\/div>\n\t\t\t\t<\/div>\n\t\t","protected":false},"excerpt":{"rendered":"<p>nap \u00f3ra perc m\u00e1sodperc Ott leszek \u00e9n is! Rosta\u0301ne\u0301 Lutz Gabriella Az \u00e9n t\u00f6rt\u00e9netem Facebook-f Twitter Google-plus-g Github Linkedin-in Aznap reggel arra \u00e9bredt, hogy a jobb f\u00fcl\u00e9re nem hall rendesen. Olyan volt, mintha v\u00edz ment volna bele, de miut\u00e1n r\u00e9gen nem j\u00e1rt uszod\u00e1ban \u00e9s az esti zuhanyoz\u00e1sn\u00e1l sem folyhatott be t\u00fal sok v\u00edz a f\u00fcl\u00e9be, [&hellip;]<\/p>\n","protected":false},"author":2,"featured_media":0,"comment_status":"closed","ping_status":"open","sticky":false,"template":"","format":"standard","meta":{"footnotes":""},"categories":[1],"tags":[],"class_list":["post-1332","post","type-post","status-publish","format-standard","hentry","category-uncategorized"],"yoast_head":"<!-- This site is optimized with the Yoast SEO Premium plugin v27.4 (Yoast SEO v27.4) - https:\/\/yoast.com\/product\/yoast-seo-premium-wordpress\/ -->\n<title>Rosta\u0301ne\u0301 Lutz Gabriella - Hall\u00e1s Vil\u00e1gnapja<\/title>\n<meta name=\"robots\" content=\"index, follow, max-snippet:-1, max-image-preview:large, max-video-preview:-1\" \/>\n<link rel=\"canonical\" href=\"https:\/\/hallasvilagnapja.hu\/hvn\/rostane-lutz-gabriella\/\" \/>\n<meta property=\"og:locale\" content=\"hu_HU\" \/>\n<meta property=\"og:type\" content=\"article\" \/>\n<meta property=\"og:title\" content=\"Rosta\u0301ne\u0301 Lutz Gabriella\" \/>\n<meta property=\"og:description\" content=\"nap \u00f3ra perc m\u00e1sodperc Ott leszek \u00e9n is! Rosta\u0301ne\u0301 Lutz Gabriella Az \u00e9n t\u00f6rt\u00e9netem Facebook-f Twitter Google-plus-g Github Linkedin-in Aznap reggel arra \u00e9bredt, hogy a jobb f\u00fcl\u00e9re nem hall rendesen. Olyan volt, mintha v\u00edz ment volna bele, de miut\u00e1n r\u00e9gen nem j\u00e1rt uszod\u00e1ban \u00e9s az esti zuhanyoz\u00e1sn\u00e1l sem folyhatott be t\u00fal sok v\u00edz a f\u00fcl\u00e9be, [&hellip;]\" \/>\n<meta property=\"og:url\" content=\"https:\/\/hallasvilagnapja.hu\/hvn\/rostane-lutz-gabriella\/\" \/>\n<meta property=\"og:site_name\" content=\"Hall\u00e1s Vil\u00e1gnapja\" \/>\n<meta property=\"article:published_time\" content=\"2026-03-03T13:41:39+00:00\" \/>\n<meta property=\"article:modified_time\" content=\"2026-03-05T17:44:38+00:00\" \/>\n<meta property=\"og:image\" content=\"https:\/\/hallasvilagnapja.hu\/hvn\/wp-content\/uploads\/2025\/01\/Hallas-vilagnapja-logo-e1738154213707.png\" \/>\n\t<meta property=\"og:image:width\" content=\"100\" \/>\n\t<meta property=\"og:image:height\" content=\"100\" \/>\n\t<meta property=\"og:image:type\" content=\"image\/png\" \/>\n<meta name=\"author\" content=\"V\u00e1mos Evelin\" \/>\n<meta name=\"twitter:card\" content=\"summary_large_image\" \/>\n<meta name=\"twitter:label1\" content=\"Szerz\u0151:\" \/>\n\t<meta name=\"twitter:data1\" content=\"V\u00e1mos Evelin\" \/>\n\t<meta name=\"twitter:label2\" content=\"Becs\u00fclt olvas\u00e1si id\u0151\" \/>\n\t<meta name=\"twitter:data2\" content=\"8 perc\" \/>\n<script type=\"application\/ld+json\" class=\"yoast-schema-graph\">{\"@context\":\"https:\\\/\\\/schema.org\",\"@graph\":[{\"@type\":\"Article\",\"@id\":\"https:\\\/\\\/hallasvilagnapja.hu\\\/hvn\\\/rostane-lutz-gabriella\\\/#article\",\"isPartOf\":{\"@id\":\"https:\\\/\\\/hallasvilagnapja.hu\\\/hvn\\\/rostane-lutz-gabriella\\\/\"},\"author\":{\"name\":\"V\u00e1mos Evelin\",\"@id\":\"https:\\\/\\\/hallasvilagnapja.hu\\\/hvn\\\/#\\\/schema\\\/person\\\/43586b0fd71b8fdbd4296b1c8ca58f0f\"},\"headline\":\"Rosta\u0301ne\u0301 Lutz Gabriella\",\"datePublished\":\"2026-03-03T13:41:39+00:00\",\"dateModified\":\"2026-03-05T17:44:38+00:00\",\"mainEntityOfPage\":{\"@id\":\"https:\\\/\\\/hallasvilagnapja.hu\\\/hvn\\\/rostane-lutz-gabriella\\\/\"},\"wordCount\":2077,\"publisher\":{\"@id\":\"https:\\\/\\\/hallasvilagnapja.hu\\\/hvn\\\/#organization\"},\"image\":{\"@id\":\"https:\\\/\\\/hallasvilagnapja.hu\\\/hvn\\\/rostane-lutz-gabriella\\\/#primaryimage\"},\"thumbnailUrl\":\"https:\\\/\\\/hallasvilagnapja.hu\\\/hvn\\\/wp-content\\\/uploads\\\/2025\\\/01\\\/Hallas-vilagnapja-logo-e1738154213707.png\",\"articleSection\":[\"Uncategorized\"],\"inLanguage\":\"hu\"},{\"@type\":\"WebPage\",\"@id\":\"https:\\\/\\\/hallasvilagnapja.hu\\\/hvn\\\/rostane-lutz-gabriella\\\/\",\"url\":\"https:\\\/\\\/hallasvilagnapja.hu\\\/hvn\\\/rostane-lutz-gabriella\\\/\",\"name\":\"Rosta\u0301ne\u0301 Lutz Gabriella - Hall\u00e1s Vil\u00e1gnapja\",\"isPartOf\":{\"@id\":\"https:\\\/\\\/hallasvilagnapja.hu\\\/hvn\\\/#website\"},\"primaryImageOfPage\":{\"@id\":\"https:\\\/\\\/hallasvilagnapja.hu\\\/hvn\\\/rostane-lutz-gabriella\\\/#primaryimage\"},\"image\":{\"@id\":\"https:\\\/\\\/hallasvilagnapja.hu\\\/hvn\\\/rostane-lutz-gabriella\\\/#primaryimage\"},\"thumbnailUrl\":\"https:\\\/\\\/hallasvilagnapja.hu\\\/hvn\\\/wp-content\\\/uploads\\\/2025\\\/01\\\/Hallas-vilagnapja-logo-e1738154213707.png\",\"datePublished\":\"2026-03-03T13:41:39+00:00\",\"dateModified\":\"2026-03-05T17:44:38+00:00\",\"breadcrumb\":{\"@id\":\"https:\\\/\\\/hallasvilagnapja.hu\\\/hvn\\\/rostane-lutz-gabriella\\\/#breadcrumb\"},\"inLanguage\":\"hu\",\"potentialAction\":[{\"@type\":\"ReadAction\",\"target\":[\"https:\\\/\\\/hallasvilagnapja.hu\\\/hvn\\\/rostane-lutz-gabriella\\\/\"]}]},{\"@type\":\"ImageObject\",\"inLanguage\":\"hu\",\"@id\":\"https:\\\/\\\/hallasvilagnapja.hu\\\/hvn\\\/rostane-lutz-gabriella\\\/#primaryimage\",\"url\":\"https:\\\/\\\/hallasvilagnapja.hu\\\/hvn\\\/wp-content\\\/uploads\\\/2025\\\/01\\\/Hallas-vilagnapja-logo-e1738154213707.png\",\"contentUrl\":\"https:\\\/\\\/hallasvilagnapja.hu\\\/hvn\\\/wp-content\\\/uploads\\\/2025\\\/01\\\/Hallas-vilagnapja-logo-e1738154213707.png\",\"width\":100,\"height\":100},{\"@type\":\"BreadcrumbList\",\"@id\":\"https:\\\/\\\/hallasvilagnapja.hu\\\/hvn\\\/rostane-lutz-gabriella\\\/#breadcrumb\",\"itemListElement\":[{\"@type\":\"ListItem\",\"position\":1,\"name\":\"Home\",\"item\":\"https:\\\/\\\/hallasvilagnapja.hu\\\/hvn\\\/\"},{\"@type\":\"ListItem\",\"position\":2,\"name\":\"Rosta\u0301ne\u0301 Lutz Gabriella\"}]},{\"@type\":\"WebSite\",\"@id\":\"https:\\\/\\\/hallasvilagnapja.hu\\\/hvn\\\/#website\",\"url\":\"https:\\\/\\\/hallasvilagnapja.hu\\\/hvn\\\/\",\"name\":\"Hall\u00e1s Vil\u00e1gnapja\",\"description\":\"Legyen a f\u00fcl- \u00e9s hall\u00e1sgondoz\u00e1s  mindenki sz\u00e1m\u00e1ra val\u00f3s\u00e1g!\",\"publisher\":{\"@id\":\"https:\\\/\\\/hallasvilagnapja.hu\\\/hvn\\\/#organization\"},\"potentialAction\":[{\"@type\":\"SearchAction\",\"target\":{\"@type\":\"EntryPoint\",\"urlTemplate\":\"https:\\\/\\\/hallasvilagnapja.hu\\\/hvn\\\/?s={search_term_string}\"},\"query-input\":{\"@type\":\"PropertyValueSpecification\",\"valueRequired\":true,\"valueName\":\"search_term_string\"}}],\"inLanguage\":\"hu\"},{\"@type\":\"Organization\",\"@id\":\"https:\\\/\\\/hallasvilagnapja.hu\\\/hvn\\\/#organization\",\"name\":\"Hall\u00e1s Vil\u00e1gnapja\",\"url\":\"https:\\\/\\\/hallasvilagnapja.hu\\\/hvn\\\/\",\"logo\":{\"@type\":\"ImageObject\",\"inLanguage\":\"hu\",\"@id\":\"https:\\\/\\\/hallasvilagnapja.hu\\\/hvn\\\/#\\\/schema\\\/logo\\\/image\\\/\",\"url\":\"https:\\\/\\\/hallasvilagnapja.hu\\\/hvn\\\/wp-content\\\/uploads\\\/2025\\\/01\\\/cropped-cropped-Hallas-vilagnapja-logo.png\",\"contentUrl\":\"https:\\\/\\\/hallasvilagnapja.hu\\\/hvn\\\/wp-content\\\/uploads\\\/2025\\\/01\\\/cropped-cropped-Hallas-vilagnapja-logo.png\",\"width\":800,\"height\":800,\"caption\":\"Hall\u00e1s Vil\u00e1gnapja\"},\"image\":{\"@id\":\"https:\\\/\\\/hallasvilagnapja.hu\\\/hvn\\\/#\\\/schema\\\/logo\\\/image\\\/\"}},{\"@type\":\"Person\",\"@id\":\"https:\\\/\\\/hallasvilagnapja.hu\\\/hvn\\\/#\\\/schema\\\/person\\\/43586b0fd71b8fdbd4296b1c8ca58f0f\",\"name\":\"V\u00e1mos Evelin\",\"image\":{\"@type\":\"ImageObject\",\"inLanguage\":\"hu\",\"@id\":\"https:\\\/\\\/secure.gravatar.com\\\/avatar\\\/8f5d3ee5093f1f2b2b441a8eb2be9152442f2de2e45e6767f0811c9c42422800?s=96&d=mm&r=g\",\"url\":\"https:\\\/\\\/secure.gravatar.com\\\/avatar\\\/8f5d3ee5093f1f2b2b441a8eb2be9152442f2de2e45e6767f0811c9c42422800?s=96&d=mm&r=g\",\"contentUrl\":\"https:\\\/\\\/secure.gravatar.com\\\/avatar\\\/8f5d3ee5093f1f2b2b441a8eb2be9152442f2de2e45e6767f0811c9c42422800?s=96&d=mm&r=g\",\"caption\":\"V\u00e1mos Evelin\"},\"url\":\"https:\\\/\\\/hallasvilagnapja.hu\\\/hvn\\\/author\\\/evelin\\\/\"}]}<\/script>\n<!-- \/ Yoast SEO Premium plugin. -->","yoast_head_json":{"title":"Rosta\u0301ne\u0301 Lutz Gabriella - Hall\u00e1s Vil\u00e1gnapja","robots":{"index":"index","follow":"follow","max-snippet":"max-snippet:-1","max-image-preview":"max-image-preview:large","max-video-preview":"max-video-preview:-1"},"canonical":"https:\/\/hallasvilagnapja.hu\/hvn\/rostane-lutz-gabriella\/","og_locale":"hu_HU","og_type":"article","og_title":"Rosta\u0301ne\u0301 Lutz Gabriella","og_description":"nap \u00f3ra perc m\u00e1sodperc Ott leszek \u00e9n is! Rosta\u0301ne\u0301 Lutz Gabriella Az \u00e9n t\u00f6rt\u00e9netem Facebook-f Twitter Google-plus-g Github Linkedin-in Aznap reggel arra \u00e9bredt, hogy a jobb f\u00fcl\u00e9re nem hall rendesen. Olyan volt, mintha v\u00edz ment volna bele, de miut\u00e1n r\u00e9gen nem j\u00e1rt uszod\u00e1ban \u00e9s az esti zuhanyoz\u00e1sn\u00e1l sem folyhatott be t\u00fal sok v\u00edz a f\u00fcl\u00e9be, [&hellip;]","og_url":"https:\/\/hallasvilagnapja.hu\/hvn\/rostane-lutz-gabriella\/","og_site_name":"Hall\u00e1s Vil\u00e1gnapja","article_published_time":"2026-03-03T13:41:39+00:00","article_modified_time":"2026-03-05T17:44:38+00:00","og_image":[{"width":100,"height":100,"url":"https:\/\/hallasvilagnapja.hu\/hvn\/wp-content\/uploads\/2025\/01\/Hallas-vilagnapja-logo-e1738154213707.png","type":"image\/png"}],"author":"V\u00e1mos Evelin","twitter_card":"summary_large_image","twitter_misc":{"Szerz\u0151:":"V\u00e1mos Evelin","Becs\u00fclt olvas\u00e1si id\u0151":"8 perc"},"schema":{"@context":"https:\/\/schema.org","@graph":[{"@type":"Article","@id":"https:\/\/hallasvilagnapja.hu\/hvn\/rostane-lutz-gabriella\/#article","isPartOf":{"@id":"https:\/\/hallasvilagnapja.hu\/hvn\/rostane-lutz-gabriella\/"},"author":{"name":"V\u00e1mos Evelin","@id":"https:\/\/hallasvilagnapja.hu\/hvn\/#\/schema\/person\/43586b0fd71b8fdbd4296b1c8ca58f0f"},"headline":"Rosta\u0301ne\u0301 Lutz Gabriella","datePublished":"2026-03-03T13:41:39+00:00","dateModified":"2026-03-05T17:44:38+00:00","mainEntityOfPage":{"@id":"https:\/\/hallasvilagnapja.hu\/hvn\/rostane-lutz-gabriella\/"},"wordCount":2077,"publisher":{"@id":"https:\/\/hallasvilagnapja.hu\/hvn\/#organization"},"image":{"@id":"https:\/\/hallasvilagnapja.hu\/hvn\/rostane-lutz-gabriella\/#primaryimage"},"thumbnailUrl":"https:\/\/hallasvilagnapja.hu\/hvn\/wp-content\/uploads\/2025\/01\/Hallas-vilagnapja-logo-e1738154213707.png","articleSection":["Uncategorized"],"inLanguage":"hu"},{"@type":"WebPage","@id":"https:\/\/hallasvilagnapja.hu\/hvn\/rostane-lutz-gabriella\/","url":"https:\/\/hallasvilagnapja.hu\/hvn\/rostane-lutz-gabriella\/","name":"Rosta\u0301ne\u0301 Lutz Gabriella - Hall\u00e1s Vil\u00e1gnapja","isPartOf":{"@id":"https:\/\/hallasvilagnapja.hu\/hvn\/#website"},"primaryImageOfPage":{"@id":"https:\/\/hallasvilagnapja.hu\/hvn\/rostane-lutz-gabriella\/#primaryimage"},"image":{"@id":"https:\/\/hallasvilagnapja.hu\/hvn\/rostane-lutz-gabriella\/#primaryimage"},"thumbnailUrl":"https:\/\/hallasvilagnapja.hu\/hvn\/wp-content\/uploads\/2025\/01\/Hallas-vilagnapja-logo-e1738154213707.png","datePublished":"2026-03-03T13:41:39+00:00","dateModified":"2026-03-05T17:44:38+00:00","breadcrumb":{"@id":"https:\/\/hallasvilagnapja.hu\/hvn\/rostane-lutz-gabriella\/#breadcrumb"},"inLanguage":"hu","potentialAction":[{"@type":"ReadAction","target":["https:\/\/hallasvilagnapja.hu\/hvn\/rostane-lutz-gabriella\/"]}]},{"@type":"ImageObject","inLanguage":"hu","@id":"https:\/\/hallasvilagnapja.hu\/hvn\/rostane-lutz-gabriella\/#primaryimage","url":"https:\/\/hallasvilagnapja.hu\/hvn\/wp-content\/uploads\/2025\/01\/Hallas-vilagnapja-logo-e1738154213707.png","contentUrl":"https:\/\/hallasvilagnapja.hu\/hvn\/wp-content\/uploads\/2025\/01\/Hallas-vilagnapja-logo-e1738154213707.png","width":100,"height":100},{"@type":"BreadcrumbList","@id":"https:\/\/hallasvilagnapja.hu\/hvn\/rostane-lutz-gabriella\/#breadcrumb","itemListElement":[{"@type":"ListItem","position":1,"name":"Home","item":"https:\/\/hallasvilagnapja.hu\/hvn\/"},{"@type":"ListItem","position":2,"name":"Rosta\u0301ne\u0301 Lutz Gabriella"}]},{"@type":"WebSite","@id":"https:\/\/hallasvilagnapja.hu\/hvn\/#website","url":"https:\/\/hallasvilagnapja.hu\/hvn\/","name":"Hall\u00e1s Vil\u00e1gnapja","description":"Legyen a f\u00fcl- \u00e9s hall\u00e1sgondoz\u00e1s  mindenki sz\u00e1m\u00e1ra val\u00f3s\u00e1g!","publisher":{"@id":"https:\/\/hallasvilagnapja.hu\/hvn\/#organization"},"potentialAction":[{"@type":"SearchAction","target":{"@type":"EntryPoint","urlTemplate":"https:\/\/hallasvilagnapja.hu\/hvn\/?s={search_term_string}"},"query-input":{"@type":"PropertyValueSpecification","valueRequired":true,"valueName":"search_term_string"}}],"inLanguage":"hu"},{"@type":"Organization","@id":"https:\/\/hallasvilagnapja.hu\/hvn\/#organization","name":"Hall\u00e1s Vil\u00e1gnapja","url":"https:\/\/hallasvilagnapja.hu\/hvn\/","logo":{"@type":"ImageObject","inLanguage":"hu","@id":"https:\/\/hallasvilagnapja.hu\/hvn\/#\/schema\/logo\/image\/","url":"https:\/\/hallasvilagnapja.hu\/hvn\/wp-content\/uploads\/2025\/01\/cropped-cropped-Hallas-vilagnapja-logo.png","contentUrl":"https:\/\/hallasvilagnapja.hu\/hvn\/wp-content\/uploads\/2025\/01\/cropped-cropped-Hallas-vilagnapja-logo.png","width":800,"height":800,"caption":"Hall\u00e1s Vil\u00e1gnapja"},"image":{"@id":"https:\/\/hallasvilagnapja.hu\/hvn\/#\/schema\/logo\/image\/"}},{"@type":"Person","@id":"https:\/\/hallasvilagnapja.hu\/hvn\/#\/schema\/person\/43586b0fd71b8fdbd4296b1c8ca58f0f","name":"V\u00e1mos Evelin","image":{"@type":"ImageObject","inLanguage":"hu","@id":"https:\/\/secure.gravatar.com\/avatar\/8f5d3ee5093f1f2b2b441a8eb2be9152442f2de2e45e6767f0811c9c42422800?s=96&d=mm&r=g","url":"https:\/\/secure.gravatar.com\/avatar\/8f5d3ee5093f1f2b2b441a8eb2be9152442f2de2e45e6767f0811c9c42422800?s=96&d=mm&r=g","contentUrl":"https:\/\/secure.gravatar.com\/avatar\/8f5d3ee5093f1f2b2b441a8eb2be9152442f2de2e45e6767f0811c9c42422800?s=96&d=mm&r=g","caption":"V\u00e1mos Evelin"},"url":"https:\/\/hallasvilagnapja.hu\/hvn\/author\/evelin\/"}]}},"_links":{"self":[{"href":"https:\/\/hallasvilagnapja.hu\/hvn\/wp-json\/wp\/v2\/posts\/1332","targetHints":{"allow":["GET"]}}],"collection":[{"href":"https:\/\/hallasvilagnapja.hu\/hvn\/wp-json\/wp\/v2\/posts"}],"about":[{"href":"https:\/\/hallasvilagnapja.hu\/hvn\/wp-json\/wp\/v2\/types\/post"}],"author":[{"embeddable":true,"href":"https:\/\/hallasvilagnapja.hu\/hvn\/wp-json\/wp\/v2\/users\/2"}],"replies":[{"embeddable":true,"href":"https:\/\/hallasvilagnapja.hu\/hvn\/wp-json\/wp\/v2\/comments?post=1332"}],"version-history":[{"count":10,"href":"https:\/\/hallasvilagnapja.hu\/hvn\/wp-json\/wp\/v2\/posts\/1332\/revisions"}],"predecessor-version":[{"id":1693,"href":"https:\/\/hallasvilagnapja.hu\/hvn\/wp-json\/wp\/v2\/posts\/1332\/revisions\/1693"}],"wp:attachment":[{"href":"https:\/\/hallasvilagnapja.hu\/hvn\/wp-json\/wp\/v2\/media?parent=1332"}],"wp:term":[{"taxonomy":"category","embeddable":true,"href":"https:\/\/hallasvilagnapja.hu\/hvn\/wp-json\/wp\/v2\/categories?post=1332"},{"taxonomy":"post_tag","embeddable":true,"href":"https:\/\/hallasvilagnapja.hu\/hvn\/wp-json\/wp\/v2\/tags?post=1332"}],"curies":[{"name":"wp","href":"https:\/\/api.w.org\/{rel}","templated":true}]}}